{"id":30954,"date":"2018-09-27T15:08:58","date_gmt":"2018-09-27T15:08:58","guid":{"rendered":""},"modified":"2018-09-27T15:08:58","modified_gmt":"2018-09-27T15:08:58","slug":"meduca-entrega-reformas-a-la-escuela-luis-jimenez-ruiz-en-colon","status":"publish","type":"post","link":"https:\/\/sertv.gob.pa\/nacionalfm\/meduca-entrega-reformas-a-la-escuela-luis-jimenez-ruiz-en-colon\/","title":{"rendered":"MEDUCA entrega reformas a la escuela Luis Jim\u00e9nez Ruiz, en Col\u00f3n"},"content":{"rendered":"<p>\nLas autoridades del Ministerio de Educaci\u00f3n y el programa Mi Escuela Primero, en conjunto con la empresa Unity Ducruet, entregaron recientemente, una obra que involucr\u00f3 mejoras a la escuela Luis Jim\u00e9nez Ruiz, de la provincia de Col\u00f3n. <\/p>\n<p>En el marco de este evento, los estudiantes del plantel, llevaron a cabo presentaciones culturales con el conjunto folcl\u00f3rico del plantel, baile Congo y la presentaci\u00f3n del grupo de flauta dulce que deleit\u00f3 a los presentes. <\/p>\n<p>Dentro de los trabajos ejecutados al plantel escolar, se colocaron baldosas en el comedor y en el sal\u00f3n de ciencias de la tecnolog\u00eda, adem\u00e1s, azulejos y baldosas en los ba\u00f1os salones de k\u00ednder. Una vez verificado el recorrido por toda la escuela; Roger Ducruet, representante de la empresa, procedi\u00f3 hacer entregar de implementos deportivos para la cancha baloncesto como balones y mayas para los aros, de forma tal que los ni\u00f1os, consigan practicar este deporte, entre otros. <\/p>\n","protected":false},"excerpt":{"rendered":"<p>Las autoridades del Ministerio de Educaci\u00f3n y el programa Mi <a href=\"https:\/\/sertv.gob.pa\/nacionalfm\/meduca-entrega-reformas-a-la-escuela-luis-jimenez-ruiz-en-colon\/\"> [&#8230;]<\/a><\/p>\n","protected":false},"author":1,"featured_media":30955,"comment_status":"closed","ping_status":"closed","sticky":false,"template":"","format":"standard","meta":{"footnotes":""},"categories":[2],"tags":[],"class_list":["post-30954","post","type-post","status-publish","format-standard","has-post-thumbnail","hentry","category-nacionales"],"_links":{"self":[{"href":"https:\/\/sertv.gob.pa\/nacionalfm\/wp-json\/wp\/v2\/posts\/30954","targetHints":{"allow":["GET"]}}],"collection":[{"href":"https:\/\/sertv.gob.pa\/nacionalfm\/wp-json\/wp\/v2\/posts"}],"about":[{"href":"https:\/\/sertv.gob.pa\/nacionalfm\/wp-json\/wp\/v2\/types\/post"}],"author":[{"embeddable":true,"href":"https:\/\/sertv.gob.pa\/nacionalfm\/wp-json\/wp\/v2\/users\/1"}],"replies":[{"embeddable":true,"href":"https:\/\/sertv.gob.pa\/nacionalfm\/wp-json\/wp\/v2\/comments?post=30954"}],"version-history":[{"count":0,"href":"https:\/\/sertv.gob.pa\/nacionalfm\/wp-json\/wp\/v2\/posts\/30954\/revisions"}],"wp:featuredmedia":[{"embeddable":true,"href":"https:\/\/sertv.gob.pa\/nacionalfm\/wp-json\/wp\/v2\/media\/30955"}],"wp:attachment":[{"href":"https:\/\/sertv.gob.pa\/nacionalfm\/wp-json\/wp\/v2\/media?parent=30954"}],"wp:term":[{"taxonomy":"category","embeddable":true,"href":"https:\/\/sertv.gob.pa\/nacionalfm\/wp-json\/wp\/v2\/categories?post=30954"},{"taxonomy":"post_tag","embeddable":true,"href":"https:\/\/sertv.gob.pa\/nacionalfm\/wp-json\/wp\/v2\/tags?post=30954"}],"curies":[{"name":"wp","href":"https:\/\/api.w.org\/{rel}","templated":true}]}}