{"id":30956,"date":"2018-09-27T15:28:20","date_gmt":"2018-09-27T15:28:20","guid":{"rendered":""},"modified":"2018-09-27T15:28:20","modified_gmt":"2018-09-27T15:28:20","slug":"ifarhu-sigue-en-desarrollo-del-programa-sube-tu-promedio","status":"publish","type":"post","link":"https:\/\/sertv.gob.pa\/nacionalfm\/ifarhu-sigue-en-desarrollo-del-programa-sube-tu-promedio\/","title":{"rendered":"IFARHU, sigue en desarrollo del programa \u201cSube Tu Promedio\u201d"},"content":{"rendered":"<p>\nEstudiantes del duod\u00e9cimo grado del Instituto Rubiano, recibieron en fecha reciente, la visita de colaboradores del Instituto para la Formaci\u00f3n y Aprovechamiento de Recursos Humanos   IFARHU   y del programa   &ldquo;Sube Tu Promedio&rdquo;,   quienes les hablaron a los j\u00f3venes, sobre la importancia de seguir sus estudios a nivel superior, a trav\u00e9s de las buenas notas. <\/p>\n<p>  &ldquo;Sube tu Promedio&rdquo;,   es una campa\u00f1a destinada a estudiantes de colegios y escuelas oficiales en todo Panam\u00e1, en la que tambi\u00e9n se les orienta sobre la participaci\u00f3n en equipo y se le ofrece informaci\u00f3n de los diferentes programas de becas y cr\u00e9ditos educativos que gestiona la\u00a0entidad. <\/p>\n","protected":false},"excerpt":{"rendered":"<p>Estudiantes del duod\u00e9cimo grado del Instituto Rubiano, recibieron en fecha <a href=\"https:\/\/sertv.gob.pa\/nacionalfm\/ifarhu-sigue-en-desarrollo-del-programa-sube-tu-promedio\/\"> [&#8230;]<\/a><\/p>\n","protected":false},"author":1,"featured_media":30957,"comment_status":"closed","ping_status":"closed","sticky":false,"template":"","format":"standard","meta":{"footnotes":""},"categories":[2],"tags":[],"class_list":["post-30956","post","type-post","status-publish","format-standard","has-post-thumbnail","hentry","category-nacionales"],"_links":{"self":[{"href":"https:\/\/sertv.gob.pa\/nacionalfm\/wp-json\/wp\/v2\/posts\/30956","targetHints":{"allow":["GET"]}}],"collection":[{"href":"https:\/\/sertv.gob.pa\/nacionalfm\/wp-json\/wp\/v2\/posts"}],"about":[{"href":"https:\/\/sertv.gob.pa\/nacionalfm\/wp-json\/wp\/v2\/types\/post"}],"author":[{"embeddable":true,"href":"https:\/\/sertv.gob.pa\/nacionalfm\/wp-json\/wp\/v2\/users\/1"}],"replies":[{"embeddable":true,"href":"https:\/\/sertv.gob.pa\/nacionalfm\/wp-json\/wp\/v2\/comments?post=30956"}],"version-history":[{"count":0,"href":"https:\/\/sertv.gob.pa\/nacionalfm\/wp-json\/wp\/v2\/posts\/30956\/revisions"}],"wp:featuredmedia":[{"embeddable":true,"href":"https:\/\/sertv.gob.pa\/nacionalfm\/wp-json\/wp\/v2\/media\/30957"}],"wp:attachment":[{"href":"https:\/\/sertv.gob.pa\/nacionalfm\/wp-json\/wp\/v2\/media?parent=30956"}],"wp:term":[{"taxonomy":"category","embeddable":true,"href":"https:\/\/sertv.gob.pa\/nacionalfm\/wp-json\/wp\/v2\/categories?post=30956"},{"taxonomy":"post_tag","embeddable":true,"href":"https:\/\/sertv.gob.pa\/nacionalfm\/wp-json\/wp\/v2\/tags?post=30956"}],"curies":[{"name":"wp","href":"https:\/\/api.w.org\/{rel}","templated":true}]}}