{"id":30958,"date":"2018-09-27T15:53:11","date_gmt":"2018-09-27T15:53:11","guid":{"rendered":""},"modified":"2018-09-27T15:53:11","modified_gmt":"2018-09-27T15:53:11","slug":"mingob-realiza-capacitacion-sobre-leyes-contra-la-trata-de-personas","status":"publish","type":"post","link":"https:\/\/sertv.gob.pa\/nacionalfm\/mingob-realiza-capacitacion-sobre-leyes-contra-la-trata-de-personas\/","title":{"rendered":"MINGOB realiza capacitaci\u00f3n sobre leyes contra la \u201cTrata de Personas\u201d"},"content":{"rendered":"<p>\nCon miras a orientar sobre las caracter\u00edsticas jur\u00eddicas y sociales de la   Trata de Personas   y as\u00ed ayudar a identificar este delito, las autoridades del Ministerio de Gobierno, mediante la Oficina de Equiparaci\u00f3n de Oportunidades, organiz\u00f3 recientemente, una jornada de sensibilizaci\u00f3n a los funcionarios, la cual fue dictada por Waleska Hormechea, asesora de la Comisi\u00f3n Nacional contra la   Trata de     Personas.   <\/p>\n<p>Al inaugurar este conversatorio, el ministro de Gobierno, Carlos Rubio, destac\u00f3, que se han aprobado legislaciones como la Ley N\u00b0 79 del 9 de noviembre de 2011 y el Decreto Ejecutivo N\u00b0 25 del 17 se abril del 2018, que brindan las herramientas necesarias para la investigaci\u00f3n de estas actividades del crimen organizado. Reiter\u00f3, que adem\u00e1s de prevenir el delito, brindan asistencia a las v\u00edctimas, pues eleva a pol\u00edtica de Estado, la lucha contra la trata de personas; al igual que crea\u00a0\u00a0la Comisi\u00f3n Nacional contra la Trata de Personas, integrada por entidades p\u00fablicas y privadas que unen esfuerzos para alcanzar una prevenci\u00f3n efectiva, la recuperaci\u00f3n integral de las v\u00edctimas y evitar que m\u00e1s personas sufran por este crimen. <\/p>\n<p>Por su lado, Waleska Hormechea, comenz\u00f3 su charla enunciando que seg\u00fan cifras de la Organizaci\u00f3n de las Naciones Unidas (ONU), 12 millones de seres humanos, son v\u00edctimas de la   Trata de Personas   en 124 pa\u00edses en donde\u00a0\u00a02 de cada 3 son ni\u00f1as menores de 12 a\u00f1os\u00a0\u00a0y 1 de cada 3 tiene entre 15 y 18 a\u00f1os. Sustent\u00f3, que en el caso de Panam\u00e1, la Ley N\u00b0 79 de 9 de noviembre del 2011, castiga la   Trata de Personas,   con una sentencia que va de los 15 a los 20 a\u00f1os de prisi\u00f3n y desde su aplicaci\u00f3n ya se han condena a 10 personas por este delito en nuestro pa\u00eds. <\/p>\n<p>Hormechea, a\u00f1adi\u00f3, que si bien, hasta ahora todas las v\u00edctimas detectadas en nuestro territorio son extranjeras, es importante que la sociedad se sume a la lucha contra la   Trata de Personas   y denuncie posibles casos a los tel\u00e9fonos: 521-2222\/3220 al 524-2525, 505-3225 \u00f3 al 104 y 311. <\/p>\n","protected":false},"excerpt":{"rendered":"<p>Con miras a orientar sobre las caracter\u00edsticas jur\u00eddicas y sociales <a href=\"https:\/\/sertv.gob.pa\/nacionalfm\/mingob-realiza-capacitacion-sobre-leyes-contra-la-trata-de-personas\/\"> [&#8230;]<\/a><\/p>\n","protected":false},"author":1,"featured_media":30959,"comment_status":"closed","ping_status":"closed","sticky":false,"template":"","format":"standard","meta":{"footnotes":""},"categories":[2],"tags":[],"class_list":["post-30958","post","type-post","status-publish","format-standard","has-post-thumbnail","hentry","category-nacionales"],"_links":{"self":[{"href":"https:\/\/sertv.gob.pa\/nacionalfm\/wp-json\/wp\/v2\/posts\/30958","targetHints":{"allow":["GET"]}}],"collection":[{"href":"https:\/\/sertv.gob.pa\/nacionalfm\/wp-json\/wp\/v2\/posts"}],"about":[{"href":"https:\/\/sertv.gob.pa\/nacionalfm\/wp-json\/wp\/v2\/types\/post"}],"author":[{"embeddable":true,"href":"https:\/\/sertv.gob.pa\/nacionalfm\/wp-json\/wp\/v2\/users\/1"}],"replies":[{"embeddable":true,"href":"https:\/\/sertv.gob.pa\/nacionalfm\/wp-json\/wp\/v2\/comments?post=30958"}],"version-history":[{"count":0,"href":"https:\/\/sertv.gob.pa\/nacionalfm\/wp-json\/wp\/v2\/posts\/30958\/revisions"}],"wp:featuredmedia":[{"embeddable":true,"href":"https:\/\/sertv.gob.pa\/nacionalfm\/wp-json\/wp\/v2\/media\/30959"}],"wp:attachment":[{"href":"https:\/\/sertv.gob.pa\/nacionalfm\/wp-json\/wp\/v2\/media?parent=30958"}],"wp:term":[{"taxonomy":"category","embeddable":true,"href":"https:\/\/sertv.gob.pa\/nacionalfm\/wp-json\/wp\/v2\/categories?post=30958"},{"taxonomy":"post_tag","embeddable":true,"href":"https:\/\/sertv.gob.pa\/nacionalfm\/wp-json\/wp\/v2\/tags?post=30958"}],"curies":[{"name":"wp","href":"https:\/\/api.w.org\/{rel}","templated":true}]}}