{"id":30962,"date":"2018-09-27T16:35:42","date_gmt":"2018-09-27T16:35:42","guid":{"rendered":""},"modified":"2018-09-27T16:35:42","modified_gmt":"2018-09-27T16:35:42","slug":"miviot-licita-5-mil-mejoras-habitacionales-para-familias-coclesanas","status":"publish","type":"post","link":"https:\/\/sertv.gob.pa\/nacionalfm\/miviot-licita-5-mil-mejoras-habitacionales-para-familias-coclesanas\/","title":{"rendered":"MIVIOT licita 5 mil mejoras habitacionales para familias coclesanas"},"content":{"rendered":"<p>\nRecientemente, se llev\u00f3 a cabo en las instalaciones del Ministerio de Vivienda y Ordenamiento Territorial (MIVIOT), el acta de licitaci\u00f3n p\u00fablica para la construcci\u00f3n de 5 mil mejoras habitacionales, que beneficiar\u00e1n a todos los distritos y corregimientos de la provincia de Cocl\u00e9. <\/p>\n<p>El proyecto que incluye el suministro de materiales, mano de obra, equipo y administraci\u00f3n para las obras de construcci\u00f3n de las 5 mil mejoras, incluye un 5% de unidades especiales. En la apertura de sobres participaron: Consorcio Mejoras Habitacionales Cocl\u00e9 2018 (Asincro), IBT LLC, Consorcio Asocsa Toncom y Copinsa, S.A. <\/p>\n<p>Entretanto representantes del MIVIOT presentaron como precio de referencia, un total de 17 millones 500 mil balboas, por lo que las empresas, les corresponder\u00e1 esperar a que la Comisi\u00f3n Evaluadora confirme la documentaci\u00f3n y determinar as\u00ed, la empresa que llevar\u00e1 adelante estos trabajos. <\/p>\n","protected":false},"excerpt":{"rendered":"<p>Recientemente, se llev\u00f3 a cabo en las instalaciones del Ministerio <a href=\"https:\/\/sertv.gob.pa\/nacionalfm\/miviot-licita-5-mil-mejoras-habitacionales-para-familias-coclesanas\/\"> [&#8230;]<\/a><\/p>\n","protected":false},"author":1,"featured_media":30963,"comment_status":"closed","ping_status":"closed","sticky":false,"template":"","format":"standard","meta":{"footnotes":""},"categories":[2],"tags":[],"class_list":["post-30962","post","type-post","status-publish","format-standard","has-post-thumbnail","hentry","category-nacionales"],"_links":{"self":[{"href":"https:\/\/sertv.gob.pa\/nacionalfm\/wp-json\/wp\/v2\/posts\/30962","targetHints":{"allow":["GET"]}}],"collection":[{"href":"https:\/\/sertv.gob.pa\/nacionalfm\/wp-json\/wp\/v2\/posts"}],"about":[{"href":"https:\/\/sertv.gob.pa\/nacionalfm\/wp-json\/wp\/v2\/types\/post"}],"author":[{"embeddable":true,"href":"https:\/\/sertv.gob.pa\/nacionalfm\/wp-json\/wp\/v2\/users\/1"}],"replies":[{"embeddable":true,"href":"https:\/\/sertv.gob.pa\/nacionalfm\/wp-json\/wp\/v2\/comments?post=30962"}],"version-history":[{"count":0,"href":"https:\/\/sertv.gob.pa\/nacionalfm\/wp-json\/wp\/v2\/posts\/30962\/revisions"}],"wp:featuredmedia":[{"embeddable":true,"href":"https:\/\/sertv.gob.pa\/nacionalfm\/wp-json\/wp\/v2\/media\/30963"}],"wp:attachment":[{"href":"https:\/\/sertv.gob.pa\/nacionalfm\/wp-json\/wp\/v2\/media?parent=30962"}],"wp:term":[{"taxonomy":"category","embeddable":true,"href":"https:\/\/sertv.gob.pa\/nacionalfm\/wp-json\/wp\/v2\/categories?post=30962"},{"taxonomy":"post_tag","embeddable":true,"href":"https:\/\/sertv.gob.pa\/nacionalfm\/wp-json\/wp\/v2\/tags?post=30962"}],"curies":[{"name":"wp","href":"https:\/\/api.w.org\/{rel}","templated":true}]}}