{"id":30972,"date":"2018-09-27T19:04:18","date_gmt":"2018-09-27T19:04:18","guid":{"rendered":""},"modified":"2018-09-27T19:04:18","modified_gmt":"2018-09-27T19:04:18","slug":"mujeres-indigenas-de-panama-y-la-region-participan-de-diferentes-foros","status":"publish","type":"post","link":"https:\/\/sertv.gob.pa\/nacionalfm\/mujeres-indigenas-de-panama-y-la-region-participan-de-diferentes-foros\/","title":{"rendered":"Mujeres ind\u00edgenas de Panam\u00e1 y la Regi\u00f3n participan de diferentes Foros"},"content":{"rendered":"<p>\nDesde el mi\u00e9rcoles, 26 de septiembre,\u00a0 mujeres ind\u00edgenas de los 7 pueblos de Panam\u00e1, se encuentran participando del Foro   &ldquo;Retos y Oportunidades para el Liderazgo y la     Participaci\u00f3n Pol\u00edtica de las Mujeres Ind\u00edgenas&rdquo;,   con el que se busca destacar el rol y el aporte en beneficio de las comunidades a las que pertenecen, a trav\u00e9s de su participaci\u00f3n en diversas esferas de la sociedad. <\/p>\n<p>Correspondi\u00f3 al ministro de Gobierno, Carlos Rubio, las palabras de inauguraci\u00f3n donde destac\u00f3 que espacios como este foro permiten ese empoderamiento de las mujeres para seguir abriendo camino y alcanzar sus objetivos. &ldquo;He aqu\u00ed donde el Ministerio de Gobierno, abre el comp\u00e1s para garantizar a las mujeres ind\u00edgenas su espacio dentro de los distintos escenarios de participaci\u00f3n pol\u00edtica y toma de decisiones&rdquo;. <\/p>\n<p>Mediante este espacio, tambi\u00e9n se busca fortalecer al Comit\u00e9 Asesor de Mujeres Ind\u00edgenas, y la ejecuci\u00f3n de las diferentes actividades y proyectos en el marco del Plan de Desarrollo Integral de los Pueblos Ind\u00edgenas, liderado por el Ministerio de Gobierno (MINGOB), con el apoyo del Programa de las Naciones Unidas para el Desarrollo (PNUD). <\/p>\n<p>Este foro, en el que tambi\u00e9n participan mujeres ind\u00edgenas de Ecuador, Guatemala y Argentina, aborda importantes temas como: retos y oportunidades para el acceso de las mujeres ind\u00edgenas a cargos institucionales y de elecci\u00f3n popular; liderazgo y condiciones para el acceso de las mujeres a las estructuras tradicionales ind\u00edgenas; violencia pol\u00edtica en el ejercicio del poder de las mujeres ind\u00edgenas, entre otros. <\/p>\n<p>La presidenta del Congreso General de Alto Bayano, Sara Omi, indic\u00f3, que las mujeres ind\u00edgenas, est\u00e1n comprometidas con el desarrollo al que aspiran todos los pueblos ind\u00edgenas y buscan ser part\u00edcipes de las oportunidades que a\u00fan no llegan a todas las comunidades. <\/p>\n<p>Tambi\u00e9n particip\u00f3 la secretaria general encargada del Instituto Nacional de la Mujer (INAMU), Jacqueline Candanedo, resalt\u00f3 la importancia y pertinencia de este evento debido a que las mujeres ind\u00edgenas son l\u00edderes por naturaleza y conocen la realidad de cada una de sus comunidades y participan en la soluci\u00f3n de sus problemas. <\/p>\n<p>Concurrieron a este evento, Abel Caama\u00f1o, gerente del Banco Mundial en Panam\u00e1; Carlos Bland\u00f3n, director de Planificaci\u00f3n y Cooperaci\u00f3n Internacional del MINGOB; Patricia P\u00e9rez, representante del PNUD; Carlos D\u00edaz, director del Centro de Estudios Democr\u00e1ticos del Tribunal Electoral. <\/p>\n","protected":false},"excerpt":{"rendered":"<p>Desde el mi\u00e9rcoles, 26 de septiembre,\u00a0 mujeres ind\u00edgenas de los <a href=\"https:\/\/sertv.gob.pa\/nacionalfm\/mujeres-indigenas-de-panama-y-la-region-participan-de-diferentes-foros\/\"> [&#8230;]<\/a><\/p>\n","protected":false},"author":1,"featured_media":30973,"comment_status":"closed","ping_status":"closed","sticky":false,"template":"","format":"standard","meta":{"footnotes":""},"categories":[2],"tags":[],"class_list":["post-30972","post","type-post","status-publish","format-standard","has-post-thumbnail","hentry","category-nacionales"],"_links":{"self":[{"href":"https:\/\/sertv.gob.pa\/nacionalfm\/wp-json\/wp\/v2\/posts\/30972","targetHints":{"allow":["GET"]}}],"collection":[{"href":"https:\/\/sertv.gob.pa\/nacionalfm\/wp-json\/wp\/v2\/posts"}],"about":[{"href":"https:\/\/sertv.gob.pa\/nacionalfm\/wp-json\/wp\/v2\/types\/post"}],"author":[{"embeddable":true,"href":"https:\/\/sertv.gob.pa\/nacionalfm\/wp-json\/wp\/v2\/users\/1"}],"replies":[{"embeddable":true,"href":"https:\/\/sertv.gob.pa\/nacionalfm\/wp-json\/wp\/v2\/comments?post=30972"}],"version-history":[{"count":0,"href":"https:\/\/sertv.gob.pa\/nacionalfm\/wp-json\/wp\/v2\/posts\/30972\/revisions"}],"wp:featuredmedia":[{"embeddable":true,"href":"https:\/\/sertv.gob.pa\/nacionalfm\/wp-json\/wp\/v2\/media\/30973"}],"wp:attachment":[{"href":"https:\/\/sertv.gob.pa\/nacionalfm\/wp-json\/wp\/v2\/media?parent=30972"}],"wp:term":[{"taxonomy":"category","embeddable":true,"href":"https:\/\/sertv.gob.pa\/nacionalfm\/wp-json\/wp\/v2\/categories?post=30972"},{"taxonomy":"post_tag","embeddable":true,"href":"https:\/\/sertv.gob.pa\/nacionalfm\/wp-json\/wp\/v2\/tags?post=30972"}],"curies":[{"name":"wp","href":"https:\/\/api.w.org\/{rel}","templated":true}]}}