{"id":30974,"date":"2018-09-27T19:55:45","date_gmt":"2018-09-27T19:55:45","guid":{"rendered":""},"modified":"2018-09-27T19:55:45","modified_gmt":"2018-09-27T19:55:45","slug":"avances-del-proyecto-mesoamerica-en-el-segundo-semestre-del-2018","status":"publish","type":"post","link":"https:\/\/sertv.gob.pa\/nacionalfm\/avances-del-proyecto-mesoamerica-en-el-segundo-semestre-del-2018\/","title":{"rendered":"Avances del Proyecto MESOAM\u00c9RICA en el Segundo Semestre del 2018"},"content":{"rendered":"<p>\nLa Rep\u00fablica de Panam\u00e1, en el ejercicio\u00a0 de la presidencia Pro T\u00e9mpore del Proyecto de Integraci\u00f3n y Desarrollo de Mesoam\u00e9rica (PM), saluda los avances registrados en los pa\u00edses miembros, que contribuyen\u00a0 al fortalecimiento de la cooperaci\u00f3n en el marco de este mecanismo regional de integraci\u00f3n. <\/p>\n<p>En ese contexto, se complace por la entrega formal del Puente Binacional de Hermandad en la frontera de El Salvador y Guatemala, as\u00ed como por los avances en Honduras, Costa Rica, Nicaragua y Panam\u00e1 relativos a\u00a0 la construcci\u00f3n del\u00a0 Proyecto Red Mesoamericana para la Gesti\u00f3n Integral de Riesgos RM-GIR, y la pr\u00f3xima inauguraci\u00f3n en Panam\u00e1 del\u00a0 Centro Log\u00edstico Regional de Asistencia Humanitaria (CLRAH) o &ldquo;Hub Humanitario&rdquo;, \u00fanico en la regi\u00f3n y\u00a0 uno de los cinco centros log\u00edsticos del mundo. El CLRAH, es un compromiso del gobierno paname\u00f1o por ejecutar una pol\u00edtica exterior al servicio del desarrollo y un aporte a la comunidad internacional en materia de iniciativas de reducci\u00f3n de riesgos de desastres. <\/p>\n<p>Por otro lado, la PPT Panam\u00e1 del Proyecto Mesoam\u00e9rica, valor\u00f3 la celebraci\u00f3n en\u00a0 M\u00e9xico de un taller sobre reglamentaci\u00f3n t\u00e9cnica en el sector telecomunicaciones y el primer taller sobre infraestructura carretera para los pa\u00edses de Mesoam\u00e9rica y en El\u00a0 Salvador, del taller de preparaci\u00f3n y definici\u00f3n de hoja de ruta en apoyo a los planes nacionales de la Iniciativa Regional para la Eliminaci\u00f3n de la Malaria en Mesoam\u00e9rica y Rep\u00fablica Dominicana. <\/p>\n<p>El Plan de Trabajo de la Presidencia Pro T\u00e9mpore de Panam\u00e1 incluye, entre otras acciones, el impulso\u00a0 a la\u00a0 cooperaci\u00f3n entre los pa\u00edses miembros\u00a0 para contribuir a la Agenda Mesoamericana de Cooperaci\u00f3n, a fin de mejorar la calidad de vida de los ciudadanos en el marco de los nueve sectores prioritarios del PM. <\/p>\n<p>\u00a0 <\/p>\n","protected":false},"excerpt":{"rendered":"<p>La Rep\u00fablica de Panam\u00e1, en el ejercicio\u00a0 de la presidencia <a href=\"https:\/\/sertv.gob.pa\/nacionalfm\/avances-del-proyecto-mesoamerica-en-el-segundo-semestre-del-2018\/\"> [&#8230;]<\/a><\/p>\n","protected":false},"author":1,"featured_media":30975,"comment_status":"closed","ping_status":"closed","sticky":false,"template":"","format":"standard","meta":{"footnotes":""},"categories":[2],"tags":[],"class_list":["post-30974","post","type-post","status-publish","format-standard","has-post-thumbnail","hentry","category-nacionales"],"_links":{"self":[{"href":"https:\/\/sertv.gob.pa\/nacionalfm\/wp-json\/wp\/v2\/posts\/30974","targetHints":{"allow":["GET"]}}],"collection":[{"href":"https:\/\/sertv.gob.pa\/nacionalfm\/wp-json\/wp\/v2\/posts"}],"about":[{"href":"https:\/\/sertv.gob.pa\/nacionalfm\/wp-json\/wp\/v2\/types\/post"}],"author":[{"embeddable":true,"href":"https:\/\/sertv.gob.pa\/nacionalfm\/wp-json\/wp\/v2\/users\/1"}],"replies":[{"embeddable":true,"href":"https:\/\/sertv.gob.pa\/nacionalfm\/wp-json\/wp\/v2\/comments?post=30974"}],"version-history":[{"count":0,"href":"https:\/\/sertv.gob.pa\/nacionalfm\/wp-json\/wp\/v2\/posts\/30974\/revisions"}],"wp:featuredmedia":[{"embeddable":true,"href":"https:\/\/sertv.gob.pa\/nacionalfm\/wp-json\/wp\/v2\/media\/30975"}],"wp:attachment":[{"href":"https:\/\/sertv.gob.pa\/nacionalfm\/wp-json\/wp\/v2\/media?parent=30974"}],"wp:term":[{"taxonomy":"category","embeddable":true,"href":"https:\/\/sertv.gob.pa\/nacionalfm\/wp-json\/wp\/v2\/categories?post=30974"},{"taxonomy":"post_tag","embeddable":true,"href":"https:\/\/sertv.gob.pa\/nacionalfm\/wp-json\/wp\/v2\/tags?post=30974"}],"curies":[{"name":"wp","href":"https:\/\/api.w.org\/{rel}","templated":true}]}}