{"id":30976,"date":"2018-09-27T20:13:30","date_gmt":"2018-09-27T20:13:30","guid":{"rendered":""},"modified":"2018-09-27T20:13:30","modified_gmt":"2018-09-27T20:13:30","slug":"presentan-presupuesto-del-mingob-2019-ante-comision-de-presupuesto","status":"publish","type":"post","link":"https:\/\/sertv.gob.pa\/nacionalfm\/presentan-presupuesto-del-mingob-2019-ante-comision-de-presupuesto\/","title":{"rendered":"Presentan presupuesto del MINGOB 2019, ante Comisi\u00f3n de Presupuesto"},"content":{"rendered":"<p>\nEl Ministro de Gobierno, Carlos Eduardo Rubio, sustent\u00f3 recientemente, ante la Comisi\u00f3n de Presupuesto de la Asamblea Nacional, el anteproyecto de presupuesto para el 2019, el cual asciende a un monto global de B\/. 137,393 millones de balboas. <\/p>\n<p>El ministro Rubio, indic\u00f3, que del total del presupuesto para el a\u00f1o fiscal 2019, B\/.117.152 millones corresponden \u00a0a funcionamiento y B\/. 20,241 millones son para inversi\u00f3n. <\/p>\n<p>Rubio, resalt\u00f3 que este ministerio ha dirigido sus esfuerzos a fortalecer\u00a0 la instituci\u00f3n con un enfoque estrat\u00e9gico, que sirve de marco para una gesti\u00f3n m\u00e1s ordenada y alineada con su misi\u00f3n y visi\u00f3n, lo que permite avanzar en el mejoramiento de la justicia, la gobernabilidad, la democracia y la protecci\u00f3n civil. Complet\u00f3 al decir, que el pa\u00eds cuenta con una instituci\u00f3n fortalecida y m\u00e1s empoderada de los productos y servicios que debe entregar a lo interno y externo, as\u00ed como de sus procesos para lograrlo de manera eficiente y transparente. <\/p>\n<p>El Titular de Gobierno, refiri\u00f3, que entre los principales logros del MINGOB, en los 4 a\u00f1os est\u00e1n: la creaci\u00f3n de la Carrera Penitenciaria, el inicio de la construcci\u00f3n de distintos centros penitenciarios para hombres y mujeres; centros de atenci\u00f3n para adolescentes en conflicto con la Ley en Panam\u00e1, Herrera y Col\u00f3n, la consolidaci\u00f3n del Plan de Desarrollo Integral de los Pueblos Ind\u00edgenas y la creaci\u00f3n del Centro Log\u00edstico Regional de Ayuda Humanitaria y su marco normativo. Asever\u00f3, que se ha trabajado con una &ldquo;clara convicci\u00f3n del establecimiento de pol\u00edticas p\u00fablicas de Estado, claves para el desarrollo sostenible del pa\u00eds&rdquo;. <\/p>\n<p>Tambi\u00e9n desglos\u00f3 el proyecto de inversi\u00f3n para cada unidad administrativa o dependencia: Sistema Penitenciario le corresponde unos \u00a014 millones 541 mil\u00a0 y para el Instituto de Estudios Interdisciplinarios, se recomend\u00f3 1.5 millones. \u00a0De igual modo, para el Sistema Nacional de Protecci\u00f3n Civil (SINAPROC), se recomend\u00f3 \u00a0B\/. 850,000; Correos y Tel\u00e9grafos (Cotel), B\/ 350,000; Gobernaciones B\/. 1,000.000 y Pueblos Ind\u00edgenas B\/ 2,000.000. <\/p>\n<p>De la misma manera, fueron aprobados dos traslados de partidas por un monto de 1.5 millones de balboas, siendo 600 mil balboas para la operaci\u00f3n del Centro Log\u00edstico Regional de Ayuda Humanitaria (Hub Humanitario) y 900 mil para reforzar el proyecto de remodelaci\u00f3n de la Gobernaci\u00f3n de Bocas del Toro. <\/p>\n<p>Para esta gesti\u00f3n, el ministro Rubio, estuvo acompa\u00f1ado por la viceministra Gina Luciani de Sossa; la secretaria general, Maritza Royo as\u00ed como los directores de dependencias y de la sede ministerial. <\/p>\n","protected":false},"excerpt":{"rendered":"<p>El Ministro de Gobierno, Carlos Eduardo Rubio, sustent\u00f3 recientemente, ante <a href=\"https:\/\/sertv.gob.pa\/nacionalfm\/presentan-presupuesto-del-mingob-2019-ante-comision-de-presupuesto\/\"> [&#8230;]<\/a><\/p>\n","protected":false},"author":1,"featured_media":30977,"comment_status":"closed","ping_status":"closed","sticky":false,"template":"","format":"standard","meta":{"footnotes":""},"categories":[2],"tags":[],"class_list":["post-30976","post","type-post","status-publish","format-standard","has-post-thumbnail","hentry","category-nacionales"],"_links":{"self":[{"href":"https:\/\/sertv.gob.pa\/nacionalfm\/wp-json\/wp\/v2\/posts\/30976","targetHints":{"allow":["GET"]}}],"collection":[{"href":"https:\/\/sertv.gob.pa\/nacionalfm\/wp-json\/wp\/v2\/posts"}],"about":[{"href":"https:\/\/sertv.gob.pa\/nacionalfm\/wp-json\/wp\/v2\/types\/post"}],"author":[{"embeddable":true,"href":"https:\/\/sertv.gob.pa\/nacionalfm\/wp-json\/wp\/v2\/users\/1"}],"replies":[{"embeddable":true,"href":"https:\/\/sertv.gob.pa\/nacionalfm\/wp-json\/wp\/v2\/comments?post=30976"}],"version-history":[{"count":0,"href":"https:\/\/sertv.gob.pa\/nacionalfm\/wp-json\/wp\/v2\/posts\/30976\/revisions"}],"wp:featuredmedia":[{"embeddable":true,"href":"https:\/\/sertv.gob.pa\/nacionalfm\/wp-json\/wp\/v2\/media\/30977"}],"wp:attachment":[{"href":"https:\/\/sertv.gob.pa\/nacionalfm\/wp-json\/wp\/v2\/media?parent=30976"}],"wp:term":[{"taxonomy":"category","embeddable":true,"href":"https:\/\/sertv.gob.pa\/nacionalfm\/wp-json\/wp\/v2\/categories?post=30976"},{"taxonomy":"post_tag","embeddable":true,"href":"https:\/\/sertv.gob.pa\/nacionalfm\/wp-json\/wp\/v2\/tags?post=30976"}],"curies":[{"name":"wp","href":"https:\/\/api.w.org\/{rel}","templated":true}]}}