{"id":30978,"date":"2018-09-27T20:26:34","date_gmt":"2018-09-27T20:26:34","guid":{"rendered":""},"modified":"2018-09-27T20:26:34","modified_gmt":"2018-09-27T20:26:34","slug":"presentan-propuesta-para-reducir-emisiones-contaminantes-de-los-vehiculos","status":"publish","type":"post","link":"https:\/\/sertv.gob.pa\/nacionalfm\/presentan-propuesta-para-reducir-emisiones-contaminantes-de-los-vehiculos\/","title":{"rendered":"Presentan propuesta para reducir emisiones contaminantes de los veh\u00edculos"},"content":{"rendered":"<p>\nEl\u00a0ministro de Gobierno, Carlos Rubio, acompa\u00f1ado por el Ministro de Ambiente,\u00a0\u00a0Emilio Sempris, y el director del a Autoridad de Tr\u00e1nsito y Transporte Terrestre (ATTT), Julio Gonz\u00e1lez, recibieron una propuesta, por parte de expertos del Banco Mundial, que se fundamenta en el dise\u00f1o para un nuevo sistema de inspecci\u00f3n t\u00e9cnica vehicular en Panam\u00e1, que redunde en la reducci\u00f3n de emisiones que contaminan el ambiente. <\/p>\n<p>La propuesta llevada este jueves, 27 de septiembre, al Ministro de Gobierno, como presidente de la Junta Directiva de la ATTT, radica en implementar un nuevo sistema para las inspecciones de las condiciones t\u00e9cnicas, mec\u00e1nicas y de emisiones de los\u00a0 veh\u00edculos, que cumpla con los est\u00e1ndares internacionales como los utilizados en otros pa\u00edses a nivel mundial, controlando de esta manera fallas relacionadas con seguridad vial y con las emisiones contaminantes locales y globales. <\/p>\n<p>Sobre \u00e9ste particular, Felipe Targa, especialista senior en transporte urbano del Banco Mundial, revel\u00f3, que \u00a0despu\u00e9s de un diagn\u00f3stico de la situaci\u00f3n actual de los revisados vehiculares en el pa\u00eds, de las mejores pr\u00e1cticas internacionales y las posibles \u00e1reas de acci\u00f3n para lograr los objetivos antes mencionados, se recomienda efectuar ajustes en los reglamentos actuales, definir un modelo de negocio, estructurar un modelo de concesi\u00f3n y llevar a cabo un plan de concienciaci\u00f3n de la poblaci\u00f3n. <\/p>\n<p>De esta reuni\u00f3n, tambi\u00e9n particip\u00f3 el gerente del Banco Mundial, Abel Caama\u00f1o, y el secretario nacional de Energ\u00eda, V\u00edctor Urrutia. <\/p>\n","protected":false},"excerpt":{"rendered":"<p>El\u00a0ministro de Gobierno, Carlos Rubio, acompa\u00f1ado por el Ministro de <a href=\"https:\/\/sertv.gob.pa\/nacionalfm\/presentan-propuesta-para-reducir-emisiones-contaminantes-de-los-vehiculos\/\"> [&#8230;]<\/a><\/p>\n","protected":false},"author":1,"featured_media":30979,"comment_status":"closed","ping_status":"closed","sticky":false,"template":"","format":"standard","meta":{"footnotes":""},"categories":[2],"tags":[],"class_list":["post-30978","post","type-post","status-publish","format-standard","has-post-thumbnail","hentry","category-nacionales"],"_links":{"self":[{"href":"https:\/\/sertv.gob.pa\/nacionalfm\/wp-json\/wp\/v2\/posts\/30978","targetHints":{"allow":["GET"]}}],"collection":[{"href":"https:\/\/sertv.gob.pa\/nacionalfm\/wp-json\/wp\/v2\/posts"}],"about":[{"href":"https:\/\/sertv.gob.pa\/nacionalfm\/wp-json\/wp\/v2\/types\/post"}],"author":[{"embeddable":true,"href":"https:\/\/sertv.gob.pa\/nacionalfm\/wp-json\/wp\/v2\/users\/1"}],"replies":[{"embeddable":true,"href":"https:\/\/sertv.gob.pa\/nacionalfm\/wp-json\/wp\/v2\/comments?post=30978"}],"version-history":[{"count":0,"href":"https:\/\/sertv.gob.pa\/nacionalfm\/wp-json\/wp\/v2\/posts\/30978\/revisions"}],"wp:featuredmedia":[{"embeddable":true,"href":"https:\/\/sertv.gob.pa\/nacionalfm\/wp-json\/wp\/v2\/media\/30979"}],"wp:attachment":[{"href":"https:\/\/sertv.gob.pa\/nacionalfm\/wp-json\/wp\/v2\/media?parent=30978"}],"wp:term":[{"taxonomy":"category","embeddable":true,"href":"https:\/\/sertv.gob.pa\/nacionalfm\/wp-json\/wp\/v2\/categories?post=30978"},{"taxonomy":"post_tag","embeddable":true,"href":"https:\/\/sertv.gob.pa\/nacionalfm\/wp-json\/wp\/v2\/tags?post=30978"}],"curies":[{"name":"wp","href":"https:\/\/api.w.org\/{rel}","templated":true}]}}