{"id":30984,"date":"2018-09-28T14:20:07","date_gmt":"2018-09-28T14:20:07","guid":{"rendered":""},"modified":"2018-09-28T14:20:07","modified_gmt":"2018-09-28T14:20:07","slug":"presidente-varela-sostiene-reunion-con-la-primera-ministra-de-barbados","status":"publish","type":"post","link":"https:\/\/sertv.gob.pa\/nacionalfm\/presidente-varela-sostiene-reunion-con-la-primera-ministra-de-barbados\/","title":{"rendered":"Presidente Varela sostiene reuni\u00f3n con la primera Ministra de Barbados"},"content":{"rendered":"<p>\nEl Presidente de la Rep\u00fablica de Panam\u00e1, Juan Carlos Varela, antes de su participaci\u00f3n en la reuni\u00f3n sobre enfermedades no transmisibles, que se realiz\u00f3 en el desarrollo de su agenda en las Naciones Unidas, sostuvo una reuni\u00f3n bilateral con la primera Ministra de Barbados, Mia Mottley, en donde conversaron sobre la agenda de temas bilaterales y multilaterales de inter\u00e9s com\u00fan entre ambas naciones, encaminada en el desarrollo del turismo, el comercio y cooperaci\u00f3n educativa.\u00a0 <\/p>\n<p>En materia de turismo, ambos mandatarios coincidieron en las ventajas de la reciente apertura del vuelo directo de COPA a Bridgetown, Barbados, convirtiendo al Aeropuerto Internacional de Tocumen, en la primera conexi\u00f3n de esta isla de El Caribe con el resto del continente. Esta conectividad a\u00e9rea, concibe importantes oportunidades para el fortalecimiento de la econom\u00eda y de la actividad comercial \u00a0y tur\u00edstica de ambos pa\u00edses. <\/p>\n<p>En lo concerniente al intercambio educativo, el presidente Varela, aprovech\u00f3 la ocasi\u00f3n para expresar su agradecimiento a la primera ministra Mottley, por la cooperaci\u00f3n educativa que hace posible la capacitaci\u00f3n en el idioma ingl\u00e9s de docentes del Programa Panam\u00e1 Biling\u00fce y estudiantes colonenses en la universidad barbadense de West Indies.\u00a0 <\/p>\n","protected":false},"excerpt":{"rendered":"<p>El Presidente de la Rep\u00fablica de Panam\u00e1, Juan Carlos Varela, <a href=\"https:\/\/sertv.gob.pa\/nacionalfm\/presidente-varela-sostiene-reunion-con-la-primera-ministra-de-barbados\/\"> [&#8230;]<\/a><\/p>\n","protected":false},"author":1,"featured_media":30985,"comment_status":"closed","ping_status":"closed","sticky":false,"template":"","format":"standard","meta":{"footnotes":""},"categories":[2],"tags":[],"class_list":["post-30984","post","type-post","status-publish","format-standard","has-post-thumbnail","hentry","category-nacionales"],"_links":{"self":[{"href":"https:\/\/sertv.gob.pa\/nacionalfm\/wp-json\/wp\/v2\/posts\/30984","targetHints":{"allow":["GET"]}}],"collection":[{"href":"https:\/\/sertv.gob.pa\/nacionalfm\/wp-json\/wp\/v2\/posts"}],"about":[{"href":"https:\/\/sertv.gob.pa\/nacionalfm\/wp-json\/wp\/v2\/types\/post"}],"author":[{"embeddable":true,"href":"https:\/\/sertv.gob.pa\/nacionalfm\/wp-json\/wp\/v2\/users\/1"}],"replies":[{"embeddable":true,"href":"https:\/\/sertv.gob.pa\/nacionalfm\/wp-json\/wp\/v2\/comments?post=30984"}],"version-history":[{"count":0,"href":"https:\/\/sertv.gob.pa\/nacionalfm\/wp-json\/wp\/v2\/posts\/30984\/revisions"}],"wp:featuredmedia":[{"embeddable":true,"href":"https:\/\/sertv.gob.pa\/nacionalfm\/wp-json\/wp\/v2\/media\/30985"}],"wp:attachment":[{"href":"https:\/\/sertv.gob.pa\/nacionalfm\/wp-json\/wp\/v2\/media?parent=30984"}],"wp:term":[{"taxonomy":"category","embeddable":true,"href":"https:\/\/sertv.gob.pa\/nacionalfm\/wp-json\/wp\/v2\/categories?post=30984"},{"taxonomy":"post_tag","embeddable":true,"href":"https:\/\/sertv.gob.pa\/nacionalfm\/wp-json\/wp\/v2\/tags?post=30984"}],"curies":[{"name":"wp","href":"https:\/\/api.w.org\/{rel}","templated":true}]}}