{"id":30986,"date":"2018-09-28T14:53:30","date_gmt":"2018-09-28T14:53:30","guid":{"rendered":""},"modified":"2018-09-28T14:53:30","modified_gmt":"2018-09-28T14:53:30","slug":"panama-muestra-avances-y-compromisos-sobre-enfermedades-no-transmisibles","status":"publish","type":"post","link":"https:\/\/sertv.gob.pa\/nacionalfm\/panama-muestra-avances-y-compromisos-sobre-enfermedades-no-transmisibles\/","title":{"rendered":"Panam\u00e1 muestra avances y compromisos sobre enfermedades no Transmisibles"},"content":{"rendered":"<p>\nDando continuidad a su agenda de trabajo en las Naciones Unidas, el presidente de la Rep\u00fablica de Panam\u00e1, Juan Carlos Varela, particip\u00f3, junto al ministro de Salud, Miguel Mayo, de la Reuni\u00f3n de Alto Nivel sobre la Prevenci\u00f3n y el Control de las Enfermedades no Transmisibles, donde present\u00f3 las preocupaciones del Estado paname\u00f1o, los avances y los compromisos sobre estos padecimientos. <\/p>\n<p>&ldquo;Las enfermedades no transmisibles tienen causas de diversa \u00edndole, lo que hace necesario un enfoque global, que vaya m\u00e1s all\u00e1 del sector de la salud y considere tambi\u00e9n los factores sociales, econ\u00f3micos y medioambientales&rdquo;, refiri\u00f3 el presidente Varela.\u00a0 <\/p>\n<p>El Mandatario paname\u00f1o, adicion\u00f3, que en el pa\u00eds se implementa una estrategia preventiva a fin de evitar las enfermedades no transmisibles y sus complicaciones que, junto a la dignificaci\u00f3n de la labor de los profesionales de la salud, el aumento de salario y las pol\u00edticas de formaci\u00f3n de recurso humano en salud, han dado muy buenos resultados. <\/p>\n<p>En este contexto, expuso que el Censo de Salud Preventiva -implementado por esta Administraci\u00f3n- eval\u00faa a los pacientes para crear historia cl\u00ednica con diagn\u00f3sticos, identificando las enfermedades en sus etapas iniciales y poder recomendar un tratamiento inmediato, en el centro de salud m\u00e1s cercano a su domicilio. En lo relativo a la alimentaci\u00f3n, detall\u00f3 la promoci\u00f3n educativa que est\u00e1 llevando a cabo para la promoci\u00f3n de la nutrici\u00f3n sana en la poblaci\u00f3n y en las escuelas, \u00a0regulando por ley un mejor acceso a alimentos y estilos de vida saludables. <\/p>\n<p>Resaltando los grandes adelantos para la disminuci\u00f3n del consumo de tabaco, el gobernante Varela, mencion\u00f3 los impresionantes resultados de la ley antitabaco. En Panam\u00e1, s\u00f3lo el 6.5% de la poblaci\u00f3n fuma, un descenso de 33% con respecto al 2012. <\/p>\n<p>El presidente Varela, concluy\u00f3 su intervenci\u00f3n con el compromiso de seguir creando pol\u00edticas de salud p\u00fablica con visi\u00f3n de Estado para mantener a la poblaci\u00f3n saludable y otorgarle una larga vida con higiene, educaci\u00f3n y alimentaci\u00f3n balanceada. <\/p>\n<p>Acorde a lo estipulado, el Presidente, culmina su agenda de este jueves en Nueva York, para trasladarse a Cambridge, Massachusetts, en donde en horas de la tarde dictar\u00e1 la conferencia magistral en la prestigiosa Universidad Harvard. <\/p>\n<p>\u00a0 <\/p>\n","protected":false},"excerpt":{"rendered":"<p>Dando continuidad a su agenda de trabajo en las Naciones <a href=\"https:\/\/sertv.gob.pa\/nacionalfm\/panama-muestra-avances-y-compromisos-sobre-enfermedades-no-transmisibles\/\"> [&#8230;]<\/a><\/p>\n","protected":false},"author":1,"featured_media":30987,"comment_status":"closed","ping_status":"closed","sticky":false,"template":"","format":"standard","meta":{"footnotes":""},"categories":[2],"tags":[],"class_list":["post-30986","post","type-post","status-publish","format-standard","has-post-thumbnail","hentry","category-nacionales"],"_links":{"self":[{"href":"https:\/\/sertv.gob.pa\/nacionalfm\/wp-json\/wp\/v2\/posts\/30986","targetHints":{"allow":["GET"]}}],"collection":[{"href":"https:\/\/sertv.gob.pa\/nacionalfm\/wp-json\/wp\/v2\/posts"}],"about":[{"href":"https:\/\/sertv.gob.pa\/nacionalfm\/wp-json\/wp\/v2\/types\/post"}],"author":[{"embeddable":true,"href":"https:\/\/sertv.gob.pa\/nacionalfm\/wp-json\/wp\/v2\/users\/1"}],"replies":[{"embeddable":true,"href":"https:\/\/sertv.gob.pa\/nacionalfm\/wp-json\/wp\/v2\/comments?post=30986"}],"version-history":[{"count":0,"href":"https:\/\/sertv.gob.pa\/nacionalfm\/wp-json\/wp\/v2\/posts\/30986\/revisions"}],"wp:featuredmedia":[{"embeddable":true,"href":"https:\/\/sertv.gob.pa\/nacionalfm\/wp-json\/wp\/v2\/media\/30987"}],"wp:attachment":[{"href":"https:\/\/sertv.gob.pa\/nacionalfm\/wp-json\/wp\/v2\/media?parent=30986"}],"wp:term":[{"taxonomy":"category","embeddable":true,"href":"https:\/\/sertv.gob.pa\/nacionalfm\/wp-json\/wp\/v2\/categories?post=30986"},{"taxonomy":"post_tag","embeddable":true,"href":"https:\/\/sertv.gob.pa\/nacionalfm\/wp-json\/wp\/v2\/tags?post=30986"}],"curies":[{"name":"wp","href":"https:\/\/api.w.org\/{rel}","templated":true}]}}