{"id":30988,"date":"2018-09-28T15:17:34","date_gmt":"2018-09-28T15:17:34","guid":{"rendered":""},"modified":"2018-09-28T15:17:34","modified_gmt":"2018-09-28T15:17:34","slug":"cancilleria-sigue-su-labor-en-prevencion-de-la-trata-de-personas","status":"publish","type":"post","link":"https:\/\/sertv.gob.pa\/nacionalfm\/cancilleria-sigue-su-labor-en-prevencion-de-la-trata-de-personas\/","title":{"rendered":"Canciller\u00eda sigue su labor en prevenci\u00f3n de la \u201cTrata de Personas\u201d"},"content":{"rendered":"<p>\nCon la finalidad de informar y sensibilizar sobre la Trata de personas, representantes del Ministerio de Relaciones Exteriores en conjunto con la Organizaci\u00f3n Internacional para las Migraciones\u00a0(OIM), Organismo de las Naciones Unidas para la Migraci\u00f3n, proyectaron el cortometraje  &ldquo;El   Enga\u00f1o&rdquo;,  de Florence Jaugey, documental que muestra, a trav\u00e9s de los testimonios de siete mujeres supervivientes de la trata de personas, una de las rutas de explotaci\u00f3n en la regi\u00f3n centroamericana; de esta forma se\u00a0 culmina con las actividades desarrolladas durante este mes para visibilizar este crimen. <\/p>\n<p>Tras la proyecci\u00f3n, se efectu\u00f3 un panel de sensibilizaci\u00f3n denominado   &ldquo;Trata de\u00a0 personas: Marco legal, investigaci\u00f3n y buenas pr\u00e1cticas&rdquo;,   en donde un grupo de\u00a0expertos definieron conceptos, detallaron el contexto en el que se desarrolla la Trata,\u00a0 puntualizaron sobre el marco legal y la tipificaci\u00f3n de este delito, las investigaciones y casos de \u00e9xito en Panam\u00e1. <\/p>\n<p>En este contexto, la Directora General de Asuntos Jur\u00eddicos Internacionales y Tratados del Ministerio de Relaciones Exteriores, Gina L\u00f3pez Candanedo, manifest\u00f3 su agradecimiento a todas las instituciones que de una u otra forma, trabajan en el combate de la   Trata de     personas,  \u00a0 de igual forma, ratific\u00f3 el compromiso de esta entidad en seguir trabajando &ldquo;a fin de promover un enfoque basado en los derechos humanos que tenga en cuenta el g\u00e9nero y la edad, al hacer frente a todos los factores que contribuyen a que las personas sean vulnerables a la trata, y fortalecer la respuesta a la justicia penal que es necesaria para prevenir este flagelo, proteger a las v\u00edctimas y procesar a los autores&rdquo;, sentenci\u00f3. <\/p>\n<p>Por su parte, Santiago Paz, jefe de Misi\u00f3n y del Centro Administrativo en Panam\u00e1, de la Organizaci\u00f3n Internacional para las Migraciones (OIM), exterioriz\u00f3, que &ldquo;la pronta identificaci\u00f3n de las v\u00edctimas de   la trata de     personas   es fundamental requisito para que se reconozca su condici\u00f3n y en consecuencia, tengan acceso a la asistencia y protecci\u00f3n&rdquo;, por lo que agradeci\u00f3 al Ministerio de Relaciones Exteriores, la oportunidad de desarrollar este tipo de iniciativas y acciones conjuntas, que permiten sensibilizar a la poblaci\u00f3n y dotar de herramientas b\u00e1sicas, para la identificaci\u00f3n y denuncia de la trata de personas, as\u00ed como trabajar de manera conjunta por el fortalecimiento de las capacidades del estado en la lucha contra este grave delito y as\u00ed facilitar la gesti\u00f3n ordenada, segura y humana de la migraci\u00f3n. <\/p>\n<p>  La trata de personas,   es un delito de lesa humanidad que viola los derechos humanos de las personas, es el segundo negocio il\u00edcito m\u00e1s rentable del mundo y en todas sus modalidades atormenta a m\u00e1s de 40 millones de personas. En Panam\u00e1, hemos logrado la desmantelaci\u00f3n de 18 redes criminales, el rescate de m\u00e1s de 200 v\u00edctimas y la judicializaci\u00f3n de 90 cabecillas durante esta administraci\u00f3n. <\/p>\n<p>La jornada, cont\u00f3 con la participaci\u00f3n de Gonzalo Medina de la Organizaci\u00f3n Internacional para las Migraciones; Alexis Rodr\u00edguez, Secretario General de la Fiscal\u00eda Primera contra la Delincuencia Organizada de la Procuradur\u00eda General de la Naci\u00f3n; la Subcomisionada Ana Cajar, Jefa de la divisi\u00f3n Contra la Trata de Personas y Tr\u00e1fico il\u00edcito de Migrantes de la Direcci\u00f3n de Investigaci\u00f3n Judicial de la Polic\u00eda Nacional y Johana Aguirre Fr\u00edas de la Direcci\u00f3n de Asuntos Jur\u00eddicos Internacionales y Tratados de la Canciller\u00eda. <\/p>\n<p>\u00a0 <\/p>\n","protected":false},"excerpt":{"rendered":"<p>Con la finalidad de informar y sensibilizar sobre la Trata <a href=\"https:\/\/sertv.gob.pa\/nacionalfm\/cancilleria-sigue-su-labor-en-prevencion-de-la-trata-de-personas\/\"> [&#8230;]<\/a><\/p>\n","protected":false},"author":1,"featured_media":30989,"comment_status":"closed","ping_status":"closed","sticky":false,"template":"","format":"standard","meta":{"footnotes":""},"categories":[2],"tags":[],"class_list":["post-30988","post","type-post","status-publish","format-standard","has-post-thumbnail","hentry","category-nacionales"],"_links":{"self":[{"href":"https:\/\/sertv.gob.pa\/nacionalfm\/wp-json\/wp\/v2\/posts\/30988","targetHints":{"allow":["GET"]}}],"collection":[{"href":"https:\/\/sertv.gob.pa\/nacionalfm\/wp-json\/wp\/v2\/posts"}],"about":[{"href":"https:\/\/sertv.gob.pa\/nacionalfm\/wp-json\/wp\/v2\/types\/post"}],"author":[{"embeddable":true,"href":"https:\/\/sertv.gob.pa\/nacionalfm\/wp-json\/wp\/v2\/users\/1"}],"replies":[{"embeddable":true,"href":"https:\/\/sertv.gob.pa\/nacionalfm\/wp-json\/wp\/v2\/comments?post=30988"}],"version-history":[{"count":0,"href":"https:\/\/sertv.gob.pa\/nacionalfm\/wp-json\/wp\/v2\/posts\/30988\/revisions"}],"wp:featuredmedia":[{"embeddable":true,"href":"https:\/\/sertv.gob.pa\/nacionalfm\/wp-json\/wp\/v2\/media\/30989"}],"wp:attachment":[{"href":"https:\/\/sertv.gob.pa\/nacionalfm\/wp-json\/wp\/v2\/media?parent=30988"}],"wp:term":[{"taxonomy":"category","embeddable":true,"href":"https:\/\/sertv.gob.pa\/nacionalfm\/wp-json\/wp\/v2\/categories?post=30988"},{"taxonomy":"post_tag","embeddable":true,"href":"https:\/\/sertv.gob.pa\/nacionalfm\/wp-json\/wp\/v2\/tags?post=30988"}],"curies":[{"name":"wp","href":"https:\/\/api.w.org\/{rel}","templated":true}]}}