{"id":30990,"date":"2018-09-28T15:27:02","date_gmt":"2018-09-28T15:27:02","guid":{"rendered":""},"modified":"2018-09-28T15:27:02","modified_gmt":"2018-09-28T15:27:02","slug":"panama-y-flacso-suscriben-acuerdo-de-cooperacion","status":"publish","type":"post","link":"https:\/\/sertv.gob.pa\/nacionalfm\/panama-y-flacso-suscriben-acuerdo-de-cooperacion\/","title":{"rendered":"Panam\u00e1 y FLACSO suscriben \u201cAcuerdo de Cooperaci\u00f3n\u201d"},"content":{"rendered":"<p>\n\u00a0 <\/p>\n<p>El Gobierno de la Rep\u00fablica de Panam\u00e1 y la Facultad Latinoamericana de Ciencias Sociales, firmaron un Acuerdo para el Fortalecimiento del Programa Acad\u00e9mico FLACSO Panam\u00e1, con miras a impulsar el desarrollo de actividades acad\u00e9micas, de investigaci\u00f3n y difusi\u00f3n del conocimiento en el campo de las ciencias sociales, a favor del desarrollo del pa\u00eds y la regi\u00f3n, en estrecha cooperaci\u00f3n con distintos actores gubernamentales, de la academia y de la sociedad civil. <\/p>\n<p>El Acuerdo, firmado por el Ministro Encargado de Relaciones Exteriores, S.E. Luis Miguel Hincapi\u00e9 y la Secretaria General de FLACSO, Josette Altma Borb\u00f3n, describe los objetivos del programa, entre ellos, contribuir a la formaci\u00f3n de especialistas en ciencias sociales por medio de programas acad\u00e9micos en el \u00e1mbito latinoamericano, regional y nacional; privilegiando la participaci\u00f3n de estudiantes paname\u00f1os; realizar programas de investigaci\u00f3n, informaci\u00f3n y divulgaci\u00f3n en las diferentes ramas de las ciencias sociales y sobre asuntos relacionados con temas de la realidad regional, nacional y local; prestar servicios de cooperaci\u00f3n cient\u00edfica y t\u00e9cnica al Gobierno nacional y a los Gobiernos locales, as\u00ed como a entidades p\u00fablicas y privadas y a las universidades e instituciones acad\u00e9micas del pa\u00eds, en estudios y actividades de su especialidad; adiestrar y capacitar a profesionales, t\u00e9cnicos y funcionarios del sector p\u00fablico en la investigaci\u00f3n, planificaci\u00f3n y ejecuci\u00f3n de programas de desarrollo; y\u00a0 propiciar el intercambio de conocimientos y experiencias entre distintos actores tanto del sector p\u00fablico como del sector privado. <\/p>\n<p>Cabe destacar, que la Facultad Latinoamericana de Ciencias Sociales, es un organismo internacional de car\u00e1cter regional y aut\u00f3nomo constituido por pa\u00edses latinoamericanos y del Caribe, a fin de promover la ense\u00f1anza y la investigaci\u00f3n en el campo de las ciencias sociales.\u00a0 La Rep\u00fablica de Panam\u00e1, es un Estado miembro signatario del Acuerdo sobre la FLACSO, oficialmente adherido mediante Ley 5 del 24 de octubre de 1979. <\/p>\n","protected":false},"excerpt":{"rendered":"<p>\u00a0 El Gobierno de la Rep\u00fablica de Panam\u00e1 y la <a href=\"https:\/\/sertv.gob.pa\/nacionalfm\/panama-y-flacso-suscriben-acuerdo-de-cooperacion\/\"> [&#8230;]<\/a><\/p>\n","protected":false},"author":1,"featured_media":30991,"comment_status":"closed","ping_status":"closed","sticky":false,"template":"","format":"standard","meta":{"footnotes":""},"categories":[2],"tags":[],"class_list":["post-30990","post","type-post","status-publish","format-standard","has-post-thumbnail","hentry","category-nacionales"],"_links":{"self":[{"href":"https:\/\/sertv.gob.pa\/nacionalfm\/wp-json\/wp\/v2\/posts\/30990","targetHints":{"allow":["GET"]}}],"collection":[{"href":"https:\/\/sertv.gob.pa\/nacionalfm\/wp-json\/wp\/v2\/posts"}],"about":[{"href":"https:\/\/sertv.gob.pa\/nacionalfm\/wp-json\/wp\/v2\/types\/post"}],"author":[{"embeddable":true,"href":"https:\/\/sertv.gob.pa\/nacionalfm\/wp-json\/wp\/v2\/users\/1"}],"replies":[{"embeddable":true,"href":"https:\/\/sertv.gob.pa\/nacionalfm\/wp-json\/wp\/v2\/comments?post=30990"}],"version-history":[{"count":0,"href":"https:\/\/sertv.gob.pa\/nacionalfm\/wp-json\/wp\/v2\/posts\/30990\/revisions"}],"wp:featuredmedia":[{"embeddable":true,"href":"https:\/\/sertv.gob.pa\/nacionalfm\/wp-json\/wp\/v2\/media\/30991"}],"wp:attachment":[{"href":"https:\/\/sertv.gob.pa\/nacionalfm\/wp-json\/wp\/v2\/media?parent=30990"}],"wp:term":[{"taxonomy":"category","embeddable":true,"href":"https:\/\/sertv.gob.pa\/nacionalfm\/wp-json\/wp\/v2\/categories?post=30990"},{"taxonomy":"post_tag","embeddable":true,"href":"https:\/\/sertv.gob.pa\/nacionalfm\/wp-json\/wp\/v2\/tags?post=30990"}],"curies":[{"name":"wp","href":"https:\/\/api.w.org\/{rel}","templated":true}]}}