{"id":30992,"date":"2018-09-28T15:38:56","date_gmt":"2018-09-28T15:38:56","guid":{"rendered":""},"modified":"2018-09-28T15:38:56","modified_gmt":"2018-09-28T15:38:56","slug":"panama-presente-en-foro-global-de-america-latina-y-el-caribe","status":"publish","type":"post","link":"https:\/\/sertv.gob.pa\/nacionalfm\/panama-presente-en-foro-global-de-america-latina-y-el-caribe\/","title":{"rendered":"Panam\u00e1, presente en Foro Global de Am\u00e9rica Latina y el Caribe"},"content":{"rendered":"<p>\nLa Vicepresidenta y Canciller Isabel De Saint Malo de Alvarado, hizo un llamado a incluir a la ciudadan\u00eda en la construcci\u00f3n e implementaci\u00f3n de pol\u00edticas p\u00fablicas, para obtener resultados inclusivos y sostenibles.\u00a0 <\/p>\n<p>Durante el Foro Global de Am\u00e9rica Latina y el Caribe, organizado por representantes del Instituto Internacional para la Democracia y Asistencia Electoral (IDEA), exhort\u00f3 a gobiernos de la regi\u00f3n, a procurar que la democracia responda a las necesidades de los ciudadanos. Intercambiando perspectivas sobre la democracia, la Vicepresidenta paname\u00f1a, record\u00f3 que desde hace muchos a\u00f1os Latinoam\u00e9rica, afronta el reto de ser la regi\u00f3n m\u00e1s desigual del mundo, declarando que \u00a0&rdquo;es tiempo que los ODS, se conviertan en una agenda compartida, con compromisos de pa\u00eds y no de gobiernos, y as\u00ed responder al objetivo de esa agenda de desarrollo: no dejar a nadie atr\u00e1s&rdquo;.\u00a0\u00a0 <\/p>\n<p>Junto a la Vicepresidenta, participaron del panel el Secretario General de la Organizaci\u00f3n de Estados Americanos (OEA), Luis Almagro; el Director Regional de IDEA, Daniel Zovatto; el actual Secretario General del Sistema de Integraci\u00f3n Centroamericano (SICA), Vinicio Cerezo; los ex presidentes de Bolivia, Carlos Mesa, y Rep\u00fablica Dominicana, Leonel Fern\u00e1ndez; y Jorge Casta\u00f1eda, ex Secretario de Relaciones Exteriores de M\u00e9xico.\u00a0 <\/p>\n<p>Adem\u00e1s, en el marco de la 73 Asamblea General de las Naciones Unidas, la Canciller, suscribi\u00f3 el Acuerdo de Escaz\u00fa, instrumento internacional, el cual facilita la participaci\u00f3n y el acceso a la informaci\u00f3n de ciudadanos sobre temas ambientales. De Saint Malo de Alvarado, resalt\u00f3 la relevancia de este acuerdo para cumplir con el Objetivo de Desarrollo Sostenible 16, y contribuir a que esfuerzos nacionales y globales relativos al medio ambiente sean inclusivos y sostenibles.\u00a0 <\/p>\n<p>\u00a0 <\/p>\n<p>\u00a0 <\/p>\n","protected":false},"excerpt":{"rendered":"<p>La Vicepresidenta y Canciller Isabel De Saint Malo de Alvarado, <a href=\"https:\/\/sertv.gob.pa\/nacionalfm\/panama-presente-en-foro-global-de-america-latina-y-el-caribe\/\"> [&#8230;]<\/a><\/p>\n","protected":false},"author":1,"featured_media":30993,"comment_status":"closed","ping_status":"closed","sticky":false,"template":"","format":"standard","meta":{"footnotes":""},"categories":[2],"tags":[],"class_list":["post-30992","post","type-post","status-publish","format-standard","has-post-thumbnail","hentry","category-nacionales"],"_links":{"self":[{"href":"https:\/\/sertv.gob.pa\/nacionalfm\/wp-json\/wp\/v2\/posts\/30992","targetHints":{"allow":["GET"]}}],"collection":[{"href":"https:\/\/sertv.gob.pa\/nacionalfm\/wp-json\/wp\/v2\/posts"}],"about":[{"href":"https:\/\/sertv.gob.pa\/nacionalfm\/wp-json\/wp\/v2\/types\/post"}],"author":[{"embeddable":true,"href":"https:\/\/sertv.gob.pa\/nacionalfm\/wp-json\/wp\/v2\/users\/1"}],"replies":[{"embeddable":true,"href":"https:\/\/sertv.gob.pa\/nacionalfm\/wp-json\/wp\/v2\/comments?post=30992"}],"version-history":[{"count":0,"href":"https:\/\/sertv.gob.pa\/nacionalfm\/wp-json\/wp\/v2\/posts\/30992\/revisions"}],"wp:featuredmedia":[{"embeddable":true,"href":"https:\/\/sertv.gob.pa\/nacionalfm\/wp-json\/wp\/v2\/media\/30993"}],"wp:attachment":[{"href":"https:\/\/sertv.gob.pa\/nacionalfm\/wp-json\/wp\/v2\/media?parent=30992"}],"wp:term":[{"taxonomy":"category","embeddable":true,"href":"https:\/\/sertv.gob.pa\/nacionalfm\/wp-json\/wp\/v2\/categories?post=30992"},{"taxonomy":"post_tag","embeddable":true,"href":"https:\/\/sertv.gob.pa\/nacionalfm\/wp-json\/wp\/v2\/tags?post=30992"}],"curies":[{"name":"wp","href":"https:\/\/api.w.org\/{rel}","templated":true}]}}