{"id":30994,"date":"2018-09-28T15:56:52","date_gmt":"2018-09-28T15:56:52","guid":{"rendered":""},"modified":"2018-09-28T15:56:52","modified_gmt":"2018-09-28T15:56:52","slug":"panama-y-emiratos-arabes-unidos-buscan-estrechar-alianzas","status":"publish","type":"post","link":"https:\/\/sertv.gob.pa\/nacionalfm\/panama-y-emiratos-arabes-unidos-buscan-estrechar-alianzas\/","title":{"rendered":"Panam\u00e1 y Emiratos \u00c1rabes Unidos buscan estrechar alianzas"},"content":{"rendered":"<p>\nEn el marco del Foro Global de Am\u00e9rica Latina y el Caribe, que se realiz\u00f3, durante su presencia en Naciones Unidas, la Vicepresidenta y Canciller paname\u00f1a, Isabel De Saint Malo de Alvarado, se reuni\u00f3 con la Ministra de Emiratos \u00c1rabes Unidos para la Cooperaci\u00f3n Internacional, Reem Bint Ebrahim Al Hashimy, donde se repasaron los pr\u00f3ximos pasos de la agenda bilateral Panam\u00e1-EUA, la cual ha tomado impulso desde la visita del Presidente de la Rep\u00fablica de Panam\u00e1, Juan Carlos Varela, a los Emiratos, donde anunci\u00f3 la Pol\u00edtica Halc\u00f3n.\u00a0 <\/p>\n<p>Las Ministras, se refirieron al Foro Global de Negocios, que organiza la C\u00e1mara de Comercio de Dubai en Panam\u00e1, un paso importante para estrechar alianzas entre las dos\u00a0regiones y un pre\u00e1mbulo a la hist\u00f3rica participaci\u00f3n de Panam\u00e1 en la Expo2020.\u00a0\u00a0 <\/p>\n<p>Siendo Dub\u00e1i, la sede del Hub Humanitario para el Medio Oriente en situaciones de emergencia, y habiendo entablado una estrecha colaboraci\u00f3n en este \u00e1mbito, la representante de los Emiratos \u00c1rabes Unidos, revel\u00f3 su inter\u00e9s en tomar parte en la inauguraci\u00f3n del Centro Log\u00edstico Regional de Asistencia Humanitaria que operar\u00e1 en Panam\u00e1 y que estar\u00e1 al servicio de Am\u00e9rica Latina y El Caribe. En este espacio, ambos pa\u00edses, formalizar\u00e1n el acuerdo de colaboraci\u00f3n sobre asistencia humanitario, que convertir\u00e1 a los Emiratos \u00c1rabes Unidos, en un socio estrat\u00e9gico del Hub Humanitario de Panam\u00e1.\u00a0 <\/p>\n<p>Por \u00faltimo, Al Hashimy, reiter\u00f3 el inter\u00e9s de su pa\u00eds por acercarse a otras regiones, y reconoci\u00f3 el positivo impacto que tuvo la visita oficial del Presidente Varela para potenciar estos v\u00ednculos con Panam\u00e1 y Am\u00e9rica Latina en su conjunto. <\/p>\n","protected":false},"excerpt":{"rendered":"<p>En el marco del Foro Global de Am\u00e9rica Latina y <a href=\"https:\/\/sertv.gob.pa\/nacionalfm\/panama-y-emiratos-arabes-unidos-buscan-estrechar-alianzas\/\"> [&#8230;]<\/a><\/p>\n","protected":false},"author":1,"featured_media":30995,"comment_status":"closed","ping_status":"closed","sticky":false,"template":"","format":"standard","meta":{"footnotes":""},"categories":[2],"tags":[],"class_list":["post-30994","post","type-post","status-publish","format-standard","has-post-thumbnail","hentry","category-nacionales"],"_links":{"self":[{"href":"https:\/\/sertv.gob.pa\/nacionalfm\/wp-json\/wp\/v2\/posts\/30994","targetHints":{"allow":["GET"]}}],"collection":[{"href":"https:\/\/sertv.gob.pa\/nacionalfm\/wp-json\/wp\/v2\/posts"}],"about":[{"href":"https:\/\/sertv.gob.pa\/nacionalfm\/wp-json\/wp\/v2\/types\/post"}],"author":[{"embeddable":true,"href":"https:\/\/sertv.gob.pa\/nacionalfm\/wp-json\/wp\/v2\/users\/1"}],"replies":[{"embeddable":true,"href":"https:\/\/sertv.gob.pa\/nacionalfm\/wp-json\/wp\/v2\/comments?post=30994"}],"version-history":[{"count":0,"href":"https:\/\/sertv.gob.pa\/nacionalfm\/wp-json\/wp\/v2\/posts\/30994\/revisions"}],"wp:featuredmedia":[{"embeddable":true,"href":"https:\/\/sertv.gob.pa\/nacionalfm\/wp-json\/wp\/v2\/media\/30995"}],"wp:attachment":[{"href":"https:\/\/sertv.gob.pa\/nacionalfm\/wp-json\/wp\/v2\/media?parent=30994"}],"wp:term":[{"taxonomy":"category","embeddable":true,"href":"https:\/\/sertv.gob.pa\/nacionalfm\/wp-json\/wp\/v2\/categories?post=30994"},{"taxonomy":"post_tag","embeddable":true,"href":"https:\/\/sertv.gob.pa\/nacionalfm\/wp-json\/wp\/v2\/tags?post=30994"}],"curies":[{"name":"wp","href":"https:\/\/api.w.org\/{rel}","templated":true}]}}