{"id":31002,"date":"2018-09-28T18:49:07","date_gmt":"2018-09-28T18:49:07","guid":{"rendered":""},"modified":"2018-09-28T18:49:07","modified_gmt":"2018-09-28T18:49:07","slug":"panama-se-solidariza-con-indonesia","status":"publish","type":"post","link":"https:\/\/sertv.gob.pa\/nacionalfm\/panama-se-solidariza-con-indonesia\/","title":{"rendered":"Panam\u00e1, se solidariza con Indonesia"},"content":{"rendered":"<p>\nEl Gobierno de la Rep\u00fablica de Panam\u00e1, a trav\u00e9s del Ministerio de Relaciones Exteriores y su pueblo se solidarizan con el Gobierno y pueblo de Indonesia por las consecuencias generadas en la Isla tras los sismos de magnitud de 6.1 y 7.5 y tsunami registrados en las \u00faltimas horas.\u00a0 \u00a0 \u00a0 \u00a0 \u00a0 \u00a0 \u00a0 \u00a0 \u00a0 \u00a0 \u00a0 \u00a0 \u00a0 \u00a0 \u00a0 \u00a0 \u00a0 \u00a0 \u00a0 \u00a0 \u00a0 <\/p>\n<p>Asimismo, el Gobierno de Panam\u00e1 transmite su confianza en que la fortaleza que caracteriza a la naci\u00f3n indonesa les permita recuperarse de las consecuencias de este desastre natural.\u00a0 <\/p>\n<p>\u00a0 <\/p>\n","protected":false},"excerpt":{"rendered":"<p>El Gobierno de la Rep\u00fablica de Panam\u00e1, a trav\u00e9s del <a href=\"https:\/\/sertv.gob.pa\/nacionalfm\/panama-se-solidariza-con-indonesia\/\"> [&#8230;]<\/a><\/p>\n","protected":false},"author":1,"featured_media":31003,"comment_status":"closed","ping_status":"closed","sticky":false,"template":"","format":"standard","meta":{"footnotes":""},"categories":[2],"tags":[],"class_list":["post-31002","post","type-post","status-publish","format-standard","has-post-thumbnail","hentry","category-nacionales"],"_links":{"self":[{"href":"https:\/\/sertv.gob.pa\/nacionalfm\/wp-json\/wp\/v2\/posts\/31002","targetHints":{"allow":["GET"]}}],"collection":[{"href":"https:\/\/sertv.gob.pa\/nacionalfm\/wp-json\/wp\/v2\/posts"}],"about":[{"href":"https:\/\/sertv.gob.pa\/nacionalfm\/wp-json\/wp\/v2\/types\/post"}],"author":[{"embeddable":true,"href":"https:\/\/sertv.gob.pa\/nacionalfm\/wp-json\/wp\/v2\/users\/1"}],"replies":[{"embeddable":true,"href":"https:\/\/sertv.gob.pa\/nacionalfm\/wp-json\/wp\/v2\/comments?post=31002"}],"version-history":[{"count":0,"href":"https:\/\/sertv.gob.pa\/nacionalfm\/wp-json\/wp\/v2\/posts\/31002\/revisions"}],"wp:featuredmedia":[{"embeddable":true,"href":"https:\/\/sertv.gob.pa\/nacionalfm\/wp-json\/wp\/v2\/media\/31003"}],"wp:attachment":[{"href":"https:\/\/sertv.gob.pa\/nacionalfm\/wp-json\/wp\/v2\/media?parent=31002"}],"wp:term":[{"taxonomy":"category","embeddable":true,"href":"https:\/\/sertv.gob.pa\/nacionalfm\/wp-json\/wp\/v2\/categories?post=31002"},{"taxonomy":"post_tag","embeddable":true,"href":"https:\/\/sertv.gob.pa\/nacionalfm\/wp-json\/wp\/v2\/tags?post=31002"}],"curies":[{"name":"wp","href":"https:\/\/api.w.org\/{rel}","templated":true}]}}