{"id":31004,"date":"2018-09-28T18:56:14","date_gmt":"2018-09-28T18:56:14","guid":{"rendered":""},"modified":"2018-09-28T18:56:14","modified_gmt":"2018-09-28T18:56:14","slug":"docentes-panamenos-en-campos-de-refugiados-de-jordania-concluyen-labor","status":"publish","type":"post","link":"https:\/\/sertv.gob.pa\/nacionalfm\/docentes-panamenos-en-campos-de-refugiados-de-jordania-concluyen-labor\/","title":{"rendered":"Docentes paname\u00f1os en Campos de Refugiados de Jordania, concluyen labor"},"content":{"rendered":"<p>\nDocentes del programa  Panam\u00e1 Biling\u00fce  concluyeron el pasado jueves el programa acad\u00e9mico Escuela de Verano  &ldquo;Makani English&rdquo;  en un campo de Refugiados en Jordania, en el que capacitaron en el idioma ingl\u00e9s, a 213 ni\u00f1as y 156 ni\u00f1os afectados por la guerra en Siria. En el acto de evaluaci\u00f3n y Clausura, realizado en Amman, la Representante Adjunta de Pa\u00eds de UNICEF, Ettie Higgins, al agradecer el apoyo del gobierno de Panam\u00e1, comparti\u00f3 la satisfacci\u00f3n expresada por los ni\u00f1os y los padres de familia e indic\u00f3 que esta constituye una valiosa pr\u00e1ctica de cooperaci\u00f3n que ser\u00e1 compartida con la red de oficinas nacionales de la UNICEF. <\/p>\n<p>Cabe mencionar, que los docentes paname\u00f1os, quienes ten\u00edan programado regresar a Panam\u00e1 el 27 de septiembre, expresaron su complacencia por una experiencia muy enriquecedora en los terrenos personal y profesional. Estos educadores, contaron con el apoyo y acompa\u00f1amiento del embajador de Panam\u00e1 en Jordania, Tom\u00e1s A. Guardia W. <\/p>\n<p>\u00a0 <\/p>\n","protected":false},"excerpt":{"rendered":"<p>Docentes del programa Panam\u00e1 Biling\u00fce concluyeron el pasado jueves el <a href=\"https:\/\/sertv.gob.pa\/nacionalfm\/docentes-panamenos-en-campos-de-refugiados-de-jordania-concluyen-labor\/\"> [&#8230;]<\/a><\/p>\n","protected":false},"author":1,"featured_media":31005,"comment_status":"closed","ping_status":"closed","sticky":false,"template":"","format":"standard","meta":{"footnotes":""},"categories":[2],"tags":[],"class_list":["post-31004","post","type-post","status-publish","format-standard","has-post-thumbnail","hentry","category-nacionales"],"_links":{"self":[{"href":"https:\/\/sertv.gob.pa\/nacionalfm\/wp-json\/wp\/v2\/posts\/31004","targetHints":{"allow":["GET"]}}],"collection":[{"href":"https:\/\/sertv.gob.pa\/nacionalfm\/wp-json\/wp\/v2\/posts"}],"about":[{"href":"https:\/\/sertv.gob.pa\/nacionalfm\/wp-json\/wp\/v2\/types\/post"}],"author":[{"embeddable":true,"href":"https:\/\/sertv.gob.pa\/nacionalfm\/wp-json\/wp\/v2\/users\/1"}],"replies":[{"embeddable":true,"href":"https:\/\/sertv.gob.pa\/nacionalfm\/wp-json\/wp\/v2\/comments?post=31004"}],"version-history":[{"count":0,"href":"https:\/\/sertv.gob.pa\/nacionalfm\/wp-json\/wp\/v2\/posts\/31004\/revisions"}],"wp:featuredmedia":[{"embeddable":true,"href":"https:\/\/sertv.gob.pa\/nacionalfm\/wp-json\/wp\/v2\/media\/31005"}],"wp:attachment":[{"href":"https:\/\/sertv.gob.pa\/nacionalfm\/wp-json\/wp\/v2\/media?parent=31004"}],"wp:term":[{"taxonomy":"category","embeddable":true,"href":"https:\/\/sertv.gob.pa\/nacionalfm\/wp-json\/wp\/v2\/categories?post=31004"},{"taxonomy":"post_tag","embeddable":true,"href":"https:\/\/sertv.gob.pa\/nacionalfm\/wp-json\/wp\/v2\/tags?post=31004"}],"curies":[{"name":"wp","href":"https:\/\/api.w.org\/{rel}","templated":true}]}}