{"id":31006,"date":"2018-09-29T19:35:17","date_gmt":"2018-09-29T19:35:17","guid":{"rendered":""},"modified":"2018-09-29T19:35:17","modified_gmt":"2018-09-29T19:35:17","slug":"mida-efectua-seminario-sobre-manejo-integral-de-hatos-ovinos-caprinos","status":"publish","type":"post","link":"https:\/\/sertv.gob.pa\/nacionalfm\/mida-efectua-seminario-sobre-manejo-integral-de-hatos-ovinos-caprinos\/","title":{"rendered":"MIDA efect\u00faa seminario sobre manejo integral de hatos ovinos-caprinos"},"content":{"rendered":"<p>\nCon el inter\u00e9s de reforzar y mejorar la asistencia t\u00e9cnica del Ministerio de Desarrollo Agropecuario a los productores Ovinos y Caprinos, representantes de la Direcci\u00f3n de Ganader\u00eda llevaron a cabo, el Seminario Te\u00f3rico Pr\u00e1ctico sobre el Manejo Integral de los Hatos Ovinos &ndash; Caprinos.\u00a0 Dicho seminario, se efect\u00fao en el Centro Caprino (Divisa INA) y fincas de productores.\u00a0 <\/p>\n<p>Para esta actividad, el Expositor Ram\u00f3n Riera M., encargado del programa mejoramiento ovino caprino, expuso temas de gran importancia como: nutrici\u00f3n, manejo sanitario, gen\u00e9tica, registros, zootecnia ovino-caprino entre otros. <\/p>\n<p>El Director de Ganader\u00eda, Joaqu\u00edn Cede\u00f1o U. recalc\u00f3 la importancia y beligerancia que estas especies han adquirido en los \u00faltimos a\u00f1os y la necesidad del Ministerio de apoyar a los productores en producir carne y leche de estas especies, en beneficio socio-econ\u00f3mico de las familias y como un gran aporte a la seguridad alimentaria.\u00a0 <\/p>\n","protected":false},"excerpt":{"rendered":"<p>Con el inter\u00e9s de reforzar y mejorar la asistencia t\u00e9cnica <a href=\"https:\/\/sertv.gob.pa\/nacionalfm\/mida-efectua-seminario-sobre-manejo-integral-de-hatos-ovinos-caprinos\/\"> [&#8230;]<\/a><\/p>\n","protected":false},"author":1,"featured_media":31007,"comment_status":"closed","ping_status":"closed","sticky":false,"template":"","format":"standard","meta":{"footnotes":""},"categories":[2],"tags":[],"class_list":["post-31006","post","type-post","status-publish","format-standard","has-post-thumbnail","hentry","category-nacionales"],"_links":{"self":[{"href":"https:\/\/sertv.gob.pa\/nacionalfm\/wp-json\/wp\/v2\/posts\/31006","targetHints":{"allow":["GET"]}}],"collection":[{"href":"https:\/\/sertv.gob.pa\/nacionalfm\/wp-json\/wp\/v2\/posts"}],"about":[{"href":"https:\/\/sertv.gob.pa\/nacionalfm\/wp-json\/wp\/v2\/types\/post"}],"author":[{"embeddable":true,"href":"https:\/\/sertv.gob.pa\/nacionalfm\/wp-json\/wp\/v2\/users\/1"}],"replies":[{"embeddable":true,"href":"https:\/\/sertv.gob.pa\/nacionalfm\/wp-json\/wp\/v2\/comments?post=31006"}],"version-history":[{"count":0,"href":"https:\/\/sertv.gob.pa\/nacionalfm\/wp-json\/wp\/v2\/posts\/31006\/revisions"}],"wp:featuredmedia":[{"embeddable":true,"href":"https:\/\/sertv.gob.pa\/nacionalfm\/wp-json\/wp\/v2\/media\/31007"}],"wp:attachment":[{"href":"https:\/\/sertv.gob.pa\/nacionalfm\/wp-json\/wp\/v2\/media?parent=31006"}],"wp:term":[{"taxonomy":"category","embeddable":true,"href":"https:\/\/sertv.gob.pa\/nacionalfm\/wp-json\/wp\/v2\/categories?post=31006"},{"taxonomy":"post_tag","embeddable":true,"href":"https:\/\/sertv.gob.pa\/nacionalfm\/wp-json\/wp\/v2\/tags?post=31006"}],"curies":[{"name":"wp","href":"https:\/\/api.w.org\/{rel}","templated":true}]}}