{"id":31008,"date":"2018-09-29T19:49:05","date_gmt":"2018-09-29T19:49:05","guid":{"rendered":""},"modified":"2018-09-29T19:49:05","modified_gmt":"2018-09-29T19:49:05","slug":"productores-de-miel-de-cana-de-los-santos-realizan-gira-en-chiriqui","status":"publish","type":"post","link":"https:\/\/sertv.gob.pa\/nacionalfm\/productores-de-miel-de-cana-de-los-santos-realizan-gira-en-chiriqui\/","title":{"rendered":"Productores de miel de ca\u00f1a de Los Santos realizan gira en Chiriqu\u00ed"},"content":{"rendered":"<p>\nRepresentantes del Ministerio de Desarrollo Agropecuario (MIDA), Los Santos, a trav\u00e9s de la coordinaci\u00f3n regional de agroindustria, llevaron a ejecuci\u00f3n, una gira de intercambios de conocimientos en empresas artesanales dedicadas a la elaboraci\u00f3n de panela de miel en Chiriqu\u00ed, con la participaci\u00f3n de la Asociaci\u00f3n de Productores Colorae\u00f1os, situada en la comunidad de La Colorada distrito de Los Santos.\u00a0 <\/p>\n<p>El prop\u00f3sito de esta gira, fue conseguir que los productores observaran el manejo de los diversos equipos de manufacturas que est\u00e1n manejando estas empresas, que principalmente se dedican a la fabricaci\u00f3n de panela, para as\u00ed implementar estos m\u00e9todos adquiridos en sus peque\u00f1as empresas brindando al mercado un producto adicional a la miel y obtener mejores ingresos. <\/p>\n<p>Los productores tuvieron la oportunidad de visitar 4 fincas ubicadas en las comunidades de Potrerillo Abajo, Potrerillos Arriba, el Para\u00edso y Palma Real, donde se les capacit\u00f3, desde la selecci\u00f3n de la semilla, siembra y corte de la ca\u00f1a, molerla y pasarla a la primera tina donde se extrae la cachaza, luego se vierte a la segunda tina donde se cocina por dos horas y media a fuego lento obteniendo finalmente el producto.\u00a0 <\/p>\n<p>De igual forma, se cont\u00f3 con la participaci\u00f3n y el apoyo de funcionarios de la coordinaci\u00f3n regional de agroindustria del MIDA de Chiriqu\u00ed, quienes a su vez brindaron sus conocimientos con el rubro de ca\u00f1a que se desarrolla fuertemente en la regi\u00f3n de Potrerillo.\u00a0 <\/p>\n","protected":false},"excerpt":{"rendered":"<p>Representantes del Ministerio de Desarrollo Agropecuario (MIDA), Los Santos, a <a href=\"https:\/\/sertv.gob.pa\/nacionalfm\/productores-de-miel-de-cana-de-los-santos-realizan-gira-en-chiriqui\/\"> [&#8230;]<\/a><\/p>\n","protected":false},"author":1,"featured_media":31009,"comment_status":"closed","ping_status":"closed","sticky":false,"template":"","format":"standard","meta":{"footnotes":""},"categories":[2],"tags":[],"class_list":["post-31008","post","type-post","status-publish","format-standard","has-post-thumbnail","hentry","category-nacionales"],"_links":{"self":[{"href":"https:\/\/sertv.gob.pa\/nacionalfm\/wp-json\/wp\/v2\/posts\/31008","targetHints":{"allow":["GET"]}}],"collection":[{"href":"https:\/\/sertv.gob.pa\/nacionalfm\/wp-json\/wp\/v2\/posts"}],"about":[{"href":"https:\/\/sertv.gob.pa\/nacionalfm\/wp-json\/wp\/v2\/types\/post"}],"author":[{"embeddable":true,"href":"https:\/\/sertv.gob.pa\/nacionalfm\/wp-json\/wp\/v2\/users\/1"}],"replies":[{"embeddable":true,"href":"https:\/\/sertv.gob.pa\/nacionalfm\/wp-json\/wp\/v2\/comments?post=31008"}],"version-history":[{"count":0,"href":"https:\/\/sertv.gob.pa\/nacionalfm\/wp-json\/wp\/v2\/posts\/31008\/revisions"}],"wp:featuredmedia":[{"embeddable":true,"href":"https:\/\/sertv.gob.pa\/nacionalfm\/wp-json\/wp\/v2\/media\/31009"}],"wp:attachment":[{"href":"https:\/\/sertv.gob.pa\/nacionalfm\/wp-json\/wp\/v2\/media?parent=31008"}],"wp:term":[{"taxonomy":"category","embeddable":true,"href":"https:\/\/sertv.gob.pa\/nacionalfm\/wp-json\/wp\/v2\/categories?post=31008"},{"taxonomy":"post_tag","embeddable":true,"href":"https:\/\/sertv.gob.pa\/nacionalfm\/wp-json\/wp\/v2\/tags?post=31008"}],"curies":[{"name":"wp","href":"https:\/\/api.w.org\/{rel}","templated":true}]}}