{"id":31018,"date":"2018-10-01T14:55:11","date_gmt":"2018-10-01T14:55:11","guid":{"rendered":""},"modified":"2018-10-01T14:55:11","modified_gmt":"2018-10-01T14:55:11","slug":"presidente-varela-se-reunio-con-la-arquidiocesis-de-nueva-york-y-citibank","status":"publish","type":"post","link":"https:\/\/sertv.gob.pa\/nacionalfm\/presidente-varela-se-reunio-con-la-arquidiocesis-de-nueva-york-y-citibank\/","title":{"rendered":"Presidente Varela se reuni\u00f3 con la Arquidi\u00f3cesis de Nueva York y Citibank"},"content":{"rendered":"<p>\nEl presidente de la Rep\u00fablica de Panam\u00e1, Juan Carlos Varela, concluy\u00f3 recientemente, su agenda de trabajo en los Estados Unidos de Am\u00e9rica, con reuniones con el Cardenal de la Arquidi\u00f3cesis de Nueva York, Timothy M. Dolan y con Jay Collins, vicepresidente de Banca Corporativa y de Inversi\u00f3n del banco Citi. <\/p>\n<p>El cardenal Timothy M. Dolan y el presidente Varela, conversaron sobre los adelantos y organizaci\u00f3n de la Jornada Mundial de la Juventud 2019, y la visita del Santo Padre Francisco en enero de 2019. <\/p>\n<p>El Presidente paname\u00f1o, se refiri\u00f3 a la firma del reglamento regional para la gesti\u00f3n migratoria, para eventos masivos en los pa\u00edses miembros del Sistema de Integraci\u00f3n Centroamericana (SICA), el cual permitir\u00e1 regular las fronteras en materia migratoria, aduanera y de salud y as\u00ed asegurar un paso expedito y seguro a los peregrinos que estar\u00e1n concurriendo a la Jornada.\u00a0 <\/p>\n<p>De igual modo, se resalt\u00f3 el Decreto Ejecutivo aprobado reci\u00e9n, sobre el procedimiento de solicitud de Visado para ingresar a Panam\u00e1, para aquellos inscritos en este evento en pa\u00edses en donde no hay presencia consular paname\u00f1a. Mediante este procedimiento, la solicitud se har\u00e1 mediante la p\u00e1gina web de la p\u00e1gina del Servicio Nacional de Migraci\u00f3n y la visa ser\u00e1 expedida de manera electr\u00f3nica.\u00a0 Asimismo, se hizo referencia a los recientes cambios en la pol\u00edtica migratoria paname\u00f1a, en donde se flexibilizaron medidas migratorias para los ciudadanos de la India y los extranjeros que posean Visa Schengen de m\u00faltiples entradas. <\/p>\n<p>El cardenal Dolan, corrobor\u00f3, que hay 360 peregrinos que participar\u00e1n por parte de la Arquidi\u00f3cesis de Nueva York y Brooklyn y que se hospedar\u00e1n en hoteles de la Ciudad.\u00a0 <\/p>\n<p>El lunes pasado, el presidente Varela, se reuni\u00f3 con el Secretario de Estado de la Santa Sede, el Monse\u00f1or Richard Gallagher, quien le manifest\u00f3 su respaldo y felicitaci\u00f3n por el acuerdo provisional entre la Rep\u00fablica Popular China y el Vaticano, siendo este un gran paso que apunta a fortalecer la convivencia pac\u00edfica en el mundo. Igualmente, conversaron sobre la Jornada Mundial de la Juventud, evento en donde se esperan j\u00f3venes de 192 pa\u00edses y donde se han invitado a todos los Jefes de Estado de Am\u00e9rica Central, Colombia y M\u00e9xico.\u00a0 <\/p>\n<p>El Secretario de la Santa Sede, declar\u00f3, que ve con buenos ojos que Panam\u00e1, sea anfitri\u00f3n de la pr\u00f3xima JMJ 2019, pues al ser un pa\u00eds que hist\u00f3ricamente ha propiciado el entendimiento en la construcci\u00f3n de di\u00e1logo y consenso, permitir\u00e1 la participaci\u00f3n de miles de j\u00f3venes del mundo en el intercambio de ideas, de pensamientos y de culturas. \u00a0 <\/p>\n<p>En la reuni\u00f3n con Jay Collins, vicepresidente de Citibank, el presidente Varela, expres\u00f3 el inter\u00e9s del Gobierno de Panam\u00e1, de optimizar la liquidez.\u00a0 <\/p>\n<p>Collins, por su parte, manifest\u00f3 la positiva experiencia de invertir en Panam\u00e1 y el inter\u00e9s de continuar financiando proyectos en el pa\u00eds.\u00a0 Al mismo tiempo, el alto directivo de Citibank, ratific\u00f3 su participaci\u00f3n en el Foro de Transparencia que organiza la Canciller\u00eda de Panam\u00e1 y el Banco Interamericano de Desarrollo (BID), que se llevar\u00e1 a cabo en noviembre de este a\u00f1o. El vicepresidente Collins, estuvo acompa\u00f1ado de Joaqu\u00edn Jugo, director del Grupo Sector P\u00fablico para Latinoam\u00e9rica.\u00a0 <\/p>\n<p>En tanto que, al presidente Varela, lo acompa\u00f1\u00f3 para esta gesti\u00f3n, el embajador de Panam\u00e1 ante los Estados Unidos, Emanuel Gonz\u00e1lez Revilla y el c\u00f3nsul de Panam\u00e1 en Nueva York, Rafael Flores.\u00a0 <\/p>\n","protected":false},"excerpt":{"rendered":"<p>El presidente de la Rep\u00fablica de Panam\u00e1, Juan Carlos Varela, <a href=\"https:\/\/sertv.gob.pa\/nacionalfm\/presidente-varela-se-reunio-con-la-arquidiocesis-de-nueva-york-y-citibank\/\"> [&#8230;]<\/a><\/p>\n","protected":false},"author":1,"featured_media":31019,"comment_status":"closed","ping_status":"closed","sticky":false,"template":"","format":"standard","meta":{"footnotes":""},"categories":[2],"tags":[],"class_list":["post-31018","post","type-post","status-publish","format-standard","has-post-thumbnail","hentry","category-nacionales"],"_links":{"self":[{"href":"https:\/\/sertv.gob.pa\/nacionalfm\/wp-json\/wp\/v2\/posts\/31018","targetHints":{"allow":["GET"]}}],"collection":[{"href":"https:\/\/sertv.gob.pa\/nacionalfm\/wp-json\/wp\/v2\/posts"}],"about":[{"href":"https:\/\/sertv.gob.pa\/nacionalfm\/wp-json\/wp\/v2\/types\/post"}],"author":[{"embeddable":true,"href":"https:\/\/sertv.gob.pa\/nacionalfm\/wp-json\/wp\/v2\/users\/1"}],"replies":[{"embeddable":true,"href":"https:\/\/sertv.gob.pa\/nacionalfm\/wp-json\/wp\/v2\/comments?post=31018"}],"version-history":[{"count":0,"href":"https:\/\/sertv.gob.pa\/nacionalfm\/wp-json\/wp\/v2\/posts\/31018\/revisions"}],"wp:featuredmedia":[{"embeddable":true,"href":"https:\/\/sertv.gob.pa\/nacionalfm\/wp-json\/wp\/v2\/media\/31019"}],"wp:attachment":[{"href":"https:\/\/sertv.gob.pa\/nacionalfm\/wp-json\/wp\/v2\/media?parent=31018"}],"wp:term":[{"taxonomy":"category","embeddable":true,"href":"https:\/\/sertv.gob.pa\/nacionalfm\/wp-json\/wp\/v2\/categories?post=31018"},{"taxonomy":"post_tag","embeddable":true,"href":"https:\/\/sertv.gob.pa\/nacionalfm\/wp-json\/wp\/v2\/tags?post=31018"}],"curies":[{"name":"wp","href":"https:\/\/api.w.org\/{rel}","templated":true}]}}