{"id":31020,"date":"2018-10-01T15:50:33","date_gmt":"2018-10-01T15:50:33","guid":{"rendered":""},"modified":"2018-10-01T15:50:33","modified_gmt":"2018-10-01T15:50:33","slug":"vicepresidenta-de-panama-finalizo-semana-ministerial-en-naciones-unidas","status":"publish","type":"post","link":"https:\/\/sertv.gob.pa\/nacionalfm\/vicepresidenta-de-panama-finalizo-semana-ministerial-en-naciones-unidas\/","title":{"rendered":"Vicepresidenta de Panam\u00e1 finaliz\u00f3 Semana Ministerial en Naciones Unidas"},"content":{"rendered":"<p>\nLa Vicepresidenta y Ministra de Relaciones Exteriores, Isabel De Saint Malo de Alvarado, particip\u00f3 en fecha reciente, de la\u00a011 \u00aa  Reuni\u00f3n Ministerial del Grupo de Gobernabilidad Global (3G), e igualmente sostuvo un encuentro, con\u00a0 Amina J. Mohammed, Vicesecretaria General de las Naciones Unidas,\u00a0 en el marco de la 73ava. Asamblea General de la ONU, en Nueva York. <\/p>\n<p>Durante la\u00a0 11 \u00aa  Reuni\u00f3n Ministerial del Grupo de Gobernabilidad Global (G3), con la participaci\u00f3n de la Presidenta del 73\u00b0 per\u00edodo de sesiones de la Asamblea General, Mar\u00eda Fernanda Espinoza\u00a0 y Representantes de la Troika del G20, resalt\u00f3 la relevancia del multilateralismo\u00a0 como herramienta esencial para\u00a0 avanzar en la Agenda 2030.\u00a0 <\/p>\n<p>En plena coincidencia con\u00a0\u00a0la\u00a0 presidenta de la Asamblea General de la ONU, Mar\u00eda Fernanda Espinoza, abog\u00f3 por retomar la agenda multilateral con el compromiso renovado basado en liderazgo global, responsabilidades compartidas y acci\u00f3n colectiva para lograr el crecimiento econ\u00f3mico mundial y una comunidad internacional inclusiva y sostenible. Con esa intenci\u00f3n,\u00a0 formul\u00f3 un llamado a reforzar la\u00a0 colaboraci\u00f3n\u00a0 entre pa\u00edses\u00a0 a fin de responder a los retos globales y promover la participaci\u00f3n\u00a0\u00a0\u00a0 en las pol\u00edticas econ\u00f3micas para afrontar\u00a0 retos como\u00a0 la pobreza y\u00a0 la desigualdad, acot\u00f3 la Vicepresidenta y Canciller\u00a0 en la reuni\u00f3n presidida por Vivian Balakrishnan, Ministro de Relaciones Exteriores de Singapur. <\/p>\n<p>El G3, creado en el 2009,\u00a0 por iniciativa de Singapur e integrado por 30 pa\u00edses, promueve el di\u00e1logo constructivo, consultivo\u00a0 y transparente entre la ONU y el G-20.\u00a0 En esta ocasi\u00f3n, participaron adem\u00e1s Taro Kono, Heiko Mass, Cancilleres de Jap\u00f3n y Alemania, respectivamente, as\u00ed como de Mart\u00edn Garc\u00eda, Representante Permanente de Argentina en las Naciones Unidas, trataron sobre la importancia de mantener un Sistema Multilateral abierto, inclusivo y basado en reglas, as\u00ed como el fortalecimiento del rol de las Naciones Unidas.\u00a0 <\/p>\n<p>Por otra parte, y\u00a0 en reuni\u00f3n con\u00a0 la Vicesecretaria General de ONU, comparti\u00f3 la visi\u00f3n sobre la trascendencia de los acuerdos de paz y\u00a0 las reformas al organismo para el cumplimiento de los nobles ideales de progreso social, el derecho a la dignidad del ser humano, la igualdad entre las naciones y la defensa de la paz y la seguridad internacionales. Adem\u00e1s, se refiri\u00f3 a los aportes de Panam\u00e1,\u00a0 en pro del di\u00e1logo\u00a0 y la\u00a0 cooperaci\u00f3n internacional, con la inauguraci\u00f3n este a\u00f1o del Centro Log\u00edstico Regional de Asistencia Humanitaria (CLRAH), uno de los cinco Hub Humanitarios del mundo\u00a0 y el primero de su clase en el hemisferio occidental y la celebraci\u00f3n de la\u00a0 Jornada Mundial de la Juventud, que reunir\u00e1 a miles de peregrinos en enero de 2019. <\/p>\n","protected":false},"excerpt":{"rendered":"<p>La Vicepresidenta y Ministra de Relaciones Exteriores, Isabel De Saint <a href=\"https:\/\/sertv.gob.pa\/nacionalfm\/vicepresidenta-de-panama-finalizo-semana-ministerial-en-naciones-unidas\/\"> [&#8230;]<\/a><\/p>\n","protected":false},"author":1,"featured_media":31021,"comment_status":"closed","ping_status":"closed","sticky":false,"template":"","format":"standard","meta":{"footnotes":""},"categories":[2],"tags":[],"class_list":["post-31020","post","type-post","status-publish","format-standard","has-post-thumbnail","hentry","category-nacionales"],"_links":{"self":[{"href":"https:\/\/sertv.gob.pa\/nacionalfm\/wp-json\/wp\/v2\/posts\/31020","targetHints":{"allow":["GET"]}}],"collection":[{"href":"https:\/\/sertv.gob.pa\/nacionalfm\/wp-json\/wp\/v2\/posts"}],"about":[{"href":"https:\/\/sertv.gob.pa\/nacionalfm\/wp-json\/wp\/v2\/types\/post"}],"author":[{"embeddable":true,"href":"https:\/\/sertv.gob.pa\/nacionalfm\/wp-json\/wp\/v2\/users\/1"}],"replies":[{"embeddable":true,"href":"https:\/\/sertv.gob.pa\/nacionalfm\/wp-json\/wp\/v2\/comments?post=31020"}],"version-history":[{"count":0,"href":"https:\/\/sertv.gob.pa\/nacionalfm\/wp-json\/wp\/v2\/posts\/31020\/revisions"}],"wp:featuredmedia":[{"embeddable":true,"href":"https:\/\/sertv.gob.pa\/nacionalfm\/wp-json\/wp\/v2\/media\/31021"}],"wp:attachment":[{"href":"https:\/\/sertv.gob.pa\/nacionalfm\/wp-json\/wp\/v2\/media?parent=31020"}],"wp:term":[{"taxonomy":"category","embeddable":true,"href":"https:\/\/sertv.gob.pa\/nacionalfm\/wp-json\/wp\/v2\/categories?post=31020"},{"taxonomy":"post_tag","embeddable":true,"href":"https:\/\/sertv.gob.pa\/nacionalfm\/wp-json\/wp\/v2\/tags?post=31020"}],"curies":[{"name":"wp","href":"https:\/\/api.w.org\/{rel}","templated":true}]}}