{"id":31022,"date":"2018-10-01T16:01:43","date_gmt":"2018-10-01T16:01:43","guid":{"rendered":""},"modified":"2018-10-01T16:01:43","modified_gmt":"2018-10-01T16:01:43","slug":"en-progreso-la-hoja-de-ruta-de-la-diplomacia-cientifica-panamena","status":"publish","type":"post","link":"https:\/\/sertv.gob.pa\/nacionalfm\/en-progreso-la-hoja-de-ruta-de-la-diplomacia-cientifica-panamena\/","title":{"rendered":"En progreso la \u201cHoja de Ruta de la Diplomacia Cient\u00edfica Paname\u00f1a\u201d"},"content":{"rendered":"<p>\n\u00a0 <\/p>\n<p>La Directora General de Relaciones Econ\u00f3micas Internacionales del Ministerio de Relaciones Exteriores, Analuisa Bustamante C., presidi\u00f3 la\u00a0 reuni\u00f3n de coordinaci\u00f3n de la Diplomacia Cient\u00edfica, Tecnol\u00f3gica y de Innovaci\u00f3n (DCTI), como herramienta de la Diplomacia del Siglo XXI, con miras a lograr la sostenibilidad de una alianza a largo plazo entre la Canciller\u00eda y los actores nacionales e internacionales de esta iniciativa. <\/p>\n<p>Con ese fin, se acogi\u00f3 la propuesta de hoja de ruta presentada por el Ministerio de Relaciones Exteriores, se propusieron pa\u00edses estrat\u00e9gicos para el desarrollo de la agenda paname\u00f1a y se corrobor\u00f3 el inter\u00e9s de la comunidad cient\u00edfica nacional, de crear un Consejo Consultivo como ente asesor del Gobierno para la actualizaci\u00f3n e implementaci\u00f3n de la agenda de diplomacia cient\u00edfica de Panam\u00e1, entre otros resultados. <\/p>\n<p>La Canciller\u00eda, apoya iniciativas tendientes a fortalecer alianzas entre la comunidad cient\u00edfica internacional y por ende iniciativas nacionales como las reuniones del XVII Congreso Nacional de la Ciencia y Tecnolog\u00eda, en el marco de la Semana de la Ciencia, organizado por representantes de la Asociaci\u00f3n Paname\u00f1a para el Avance de la Ciencia y el Congreso CILAC (Foro Abierto de Ciencias Latinoam\u00e9rica y el Caribe) programado para el pr\u00f3ximo mes de octubre. <\/p>\n<p>Estuvieron presentes en la reuni\u00f3n, el Administrador De Innovaci\u00f3n Gubernamental, Irvin Halman, la Administradora de la Autoridad de los Recursos Acu\u00e1ticos de Panam\u00e1, Zuleika Pinz\u00f3n,\u00a0 y representantes del Instituto de Investigaci\u00f3n Agropecuaria de Panam\u00e1 (IDIAP), Instituto de Investigaciones Cient\u00edficas y Servicios de Alta Tecnolog\u00eda, Secretaria Nacional de Ciencia, Tecnolog\u00eda e Innovaci\u00f3n- SENACYT,\u00a0 Universidad de Panam\u00e1, Universidad Mar\u00edtima de Panam\u00e1 y Universidad Tecnol\u00f3gica de Panam\u00e1. <\/p>\n","protected":false},"excerpt":{"rendered":"<p>\u00a0 La Directora General de Relaciones Econ\u00f3micas Internacionales del Ministerio <a href=\"https:\/\/sertv.gob.pa\/nacionalfm\/en-progreso-la-hoja-de-ruta-de-la-diplomacia-cientifica-panamena\/\"> [&#8230;]<\/a><\/p>\n","protected":false},"author":1,"featured_media":31023,"comment_status":"closed","ping_status":"closed","sticky":false,"template":"","format":"standard","meta":{"footnotes":""},"categories":[2],"tags":[],"class_list":["post-31022","post","type-post","status-publish","format-standard","has-post-thumbnail","hentry","category-nacionales"],"_links":{"self":[{"href":"https:\/\/sertv.gob.pa\/nacionalfm\/wp-json\/wp\/v2\/posts\/31022","targetHints":{"allow":["GET"]}}],"collection":[{"href":"https:\/\/sertv.gob.pa\/nacionalfm\/wp-json\/wp\/v2\/posts"}],"about":[{"href":"https:\/\/sertv.gob.pa\/nacionalfm\/wp-json\/wp\/v2\/types\/post"}],"author":[{"embeddable":true,"href":"https:\/\/sertv.gob.pa\/nacionalfm\/wp-json\/wp\/v2\/users\/1"}],"replies":[{"embeddable":true,"href":"https:\/\/sertv.gob.pa\/nacionalfm\/wp-json\/wp\/v2\/comments?post=31022"}],"version-history":[{"count":0,"href":"https:\/\/sertv.gob.pa\/nacionalfm\/wp-json\/wp\/v2\/posts\/31022\/revisions"}],"wp:featuredmedia":[{"embeddable":true,"href":"https:\/\/sertv.gob.pa\/nacionalfm\/wp-json\/wp\/v2\/media\/31023"}],"wp:attachment":[{"href":"https:\/\/sertv.gob.pa\/nacionalfm\/wp-json\/wp\/v2\/media?parent=31022"}],"wp:term":[{"taxonomy":"category","embeddable":true,"href":"https:\/\/sertv.gob.pa\/nacionalfm\/wp-json\/wp\/v2\/categories?post=31022"},{"taxonomy":"post_tag","embeddable":true,"href":"https:\/\/sertv.gob.pa\/nacionalfm\/wp-json\/wp\/v2\/tags?post=31022"}],"curies":[{"name":"wp","href":"https:\/\/api.w.org\/{rel}","templated":true}]}}