{"id":31024,"date":"2018-10-01T16:25:28","date_gmt":"2018-10-01T16:25:28","guid":{"rendered":""},"modified":"2018-10-01T16:25:28","modified_gmt":"2018-10-01T16:25:28","slug":"crean-la-primera-factura-electronica-de-panama","status":"publish","type":"post","link":"https:\/\/sertv.gob.pa\/nacionalfm\/crean-la-primera-factura-electronica-de-panama\/","title":{"rendered":"Crean la primera factura electr\u00f3nica de Panam\u00e1"},"content":{"rendered":"<p>\nRepresentantes de la Direcci\u00f3n General de Ingresos (DGI), dieron a conocer, \u00a0que ya fue emitida la primera factura electr\u00f3nica en Panam\u00e1, tras ser habilitado el sistema de facturaci\u00f3n electr\u00f3nica, el cual permite la emisi\u00f3n y autorizaci\u00f3n de facturas en l\u00ednea por parte de las 43 empresas que forman parte del Plan Piloto. <\/p>\n<p>Este novedoso mecanismo de facturaci\u00f3n, fue habilitado para estas empresas desde el 19 de septiembre de 2018, alcanzando un hito para el Programa de Facturaci\u00f3n Electr\u00f3nica en Panam\u00e1, permiti\u00e9ndole a las compa\u00f1\u00edas emitir facturas electr\u00f3nicas legalmente v\u00e1lidas y modernizar as\u00ed sus sistemas de facturaci\u00f3n. <\/p>\n<p>La lista de las 43 empresas participantes del Plan Piloto, puede ser vista en el enlace web de la DGI, dgi.mef.gob.pa, las que representan a distintos sectores de la econom\u00eda local. <\/p>\n<p>Cabe resaltar, que la emisi\u00f3n en l\u00ednea de la primera factura electr\u00f3nica de Panam\u00e1, es el resultado del Programa de Factura Electr\u00f3nica, que se desarrolla con las empresas Piloto autorizadas a fin de para facturar electr\u00f3nicamente robusteciendo lo planteado en el Dise\u00f1o del Modelo de Facturaci\u00f3n Electr\u00f3nica. En \u00e9ste proceso, se ejecutaron 19 sesiones de trabajo intensivas, se atendieron consultas t\u00e9cnicas y operativas a trav\u00e9s de correos electr\u00f3nicos, portales virtuales, y otros mecanismos de colaboraci\u00f3n y coordinaci\u00f3n. <\/p>\n<p>Por otra parte, \u00e9ste novedoso mecanismo de facturaci\u00f3n, ser\u00e1 manejado por las empresas Piloto, tan pronto terminen de replicar todos los escenarios cotidianos de su facturaci\u00f3n y cada empresa determinar\u00e1 la estrategia para incorporar la facturaci\u00f3n electr\u00f3nica en sus operaciones. <\/p>\n<p>Para esta emisi\u00f3n de la primera factura electr\u00f3nica de Panam\u00e1, participaron Representantes de la Autoridad de Innovaci\u00f3n Gubernamental, la Direcci\u00f3n de Comercio Electr\u00f3nico del Ministerio de Comercio e Industria, Registro P\u00fablico de Panam\u00e1, DGI del Ministerio de Econom\u00eda y Finanzas, entre otras entidades p\u00fablicas, con la contribuci\u00f3n del sector privado mediante la C\u00e1mara de Comercio de Industrias y Agricultura. <\/p>\n<p>Cabe enfatizar, que las autoridades de la DGI, seguir\u00e1n promoviendo el desarrollo de programas innovadores que aporten valor a los contribuyentes con miras a simplificar el cumplimiento de las obligaciones tributarias. <\/p>\n<p>Para m\u00e1s informaci\u00f3n del Programa de Factura Electr\u00f3nica de Panam\u00e1, visite el enlace web: dgi.mef.gob.pa <\/p>\n<p>\u00a0 <\/p>\n<p>\u00a0 <\/p>\n","protected":false},"excerpt":{"rendered":"<p>Representantes de la Direcci\u00f3n General de Ingresos (DGI), dieron a <a href=\"https:\/\/sertv.gob.pa\/nacionalfm\/crean-la-primera-factura-electronica-de-panama\/\"> [&#8230;]<\/a><\/p>\n","protected":false},"author":1,"featured_media":31025,"comment_status":"closed","ping_status":"closed","sticky":false,"template":"","format":"standard","meta":{"footnotes":""},"categories":[2],"tags":[],"class_list":["post-31024","post","type-post","status-publish","format-standard","has-post-thumbnail","hentry","category-nacionales"],"_links":{"self":[{"href":"https:\/\/sertv.gob.pa\/nacionalfm\/wp-json\/wp\/v2\/posts\/31024","targetHints":{"allow":["GET"]}}],"collection":[{"href":"https:\/\/sertv.gob.pa\/nacionalfm\/wp-json\/wp\/v2\/posts"}],"about":[{"href":"https:\/\/sertv.gob.pa\/nacionalfm\/wp-json\/wp\/v2\/types\/post"}],"author":[{"embeddable":true,"href":"https:\/\/sertv.gob.pa\/nacionalfm\/wp-json\/wp\/v2\/users\/1"}],"replies":[{"embeddable":true,"href":"https:\/\/sertv.gob.pa\/nacionalfm\/wp-json\/wp\/v2\/comments?post=31024"}],"version-history":[{"count":0,"href":"https:\/\/sertv.gob.pa\/nacionalfm\/wp-json\/wp\/v2\/posts\/31024\/revisions"}],"wp:featuredmedia":[{"embeddable":true,"href":"https:\/\/sertv.gob.pa\/nacionalfm\/wp-json\/wp\/v2\/media\/31025"}],"wp:attachment":[{"href":"https:\/\/sertv.gob.pa\/nacionalfm\/wp-json\/wp\/v2\/media?parent=31024"}],"wp:term":[{"taxonomy":"category","embeddable":true,"href":"https:\/\/sertv.gob.pa\/nacionalfm\/wp-json\/wp\/v2\/categories?post=31024"},{"taxonomy":"post_tag","embeddable":true,"href":"https:\/\/sertv.gob.pa\/nacionalfm\/wp-json\/wp\/v2\/tags?post=31024"}],"curies":[{"name":"wp","href":"https:\/\/api.w.org\/{rel}","templated":true}]}}