{"id":31026,"date":"2018-10-01T16:40:28","date_gmt":"2018-10-01T16:40:28","guid":{"rendered":""},"modified":"2018-10-01T16:40:28","modified_gmt":"2018-10-01T16:40:28","slug":"abren-puertas-al-cementerio-de-amador-para-conocer-su-historia","status":"publish","type":"post","link":"https:\/\/sertv.gob.pa\/nacionalfm\/abren-puertas-al-cementerio-de-amador-para-conocer-su-historia\/","title":{"rendered":"Abren puertas al \u201cCementerio de Amador\u201d, para conocer su historia"},"content":{"rendered":"<p>\nA trav\u00e9s de visitas guiadas, la Alcald\u00eda de Panam\u00e1, abre las puertas del Cementerio Amador, situado en el corregimiento del El Chorrillo, a fin de que estudiantes y p\u00fablico en general, puedan llevar a cabo un recorrido, tomar fotos, conocer su historia y las tumbas de personajes importantes del pa\u00eds. <\/p>\n<p>Los interesados, pueden separar su visita en grupos de 10 personas en adelante al llamar o solicitar la gira en la Direcci\u00f3n de Empresas Municipales del municipio capitalino. Posteriormente, los participantes, sin costo alguno y asistidos por gu\u00edas tur\u00edsticos, pueden recorrer de manera general el lugar, conocer las tumbas de personajes ilustres y observar la arquitectura.\u00a0\u00a0 <\/p>\n<p>Cabe recordar, que en el cementerio de Amador, reposan los restos de los 11 Bomberos que perecieron en la tragedia del Polvor\u00edn, ocurrida el 5 de mayo de 1914. Estos h\u00e9roes murieron v\u00edctimas de un voraz incendio y hoy d\u00eda son recordados por su gran valent\u00eda. Tambi\u00e9n se encuentran las tumbas de los soldados de la independencia;\u00a0los restos de Victoriano Lorenzo, quien luch\u00f3 por la reivindicaci\u00f3n de su pueblo; el primer presidente de la Rep\u00fablica, Manuel E. Amador; Belisario Porras, quien fue 5 veces Presidente del pa\u00eds;\u00a0el presidente de la Rep\u00fablica Jos\u00e9 Rem\u00f3n Cantera, quien fue asesinado en plena gesti\u00f3n como mandatario del pa\u00eds el 2 de enero de 1955 en el hip\u00f3dromo Juan Franco. Adem\u00e1s de pol\u00edticos, en el cementerio, reposan los restos de deportistas como Alfonso Te\u00f3filo Brown, primer campe\u00f3n de boxeo en Panam\u00e1; el destacado futbolista Rommel Fern\u00e1ndez; Pedro \u00abel roquero\u00bb Alc\u00e1zar, famoso boxeador quien encontr\u00f3 la muerte en el ring, entre otras personalidades del arte, la cultura y las letras que han destacado en el transcurrir del pa\u00eds. <\/p>\n","protected":false},"excerpt":{"rendered":"<p>A trav\u00e9s de visitas guiadas, la Alcald\u00eda de Panam\u00e1, abre <a href=\"https:\/\/sertv.gob.pa\/nacionalfm\/abren-puertas-al-cementerio-de-amador-para-conocer-su-historia\/\"> [&#8230;]<\/a><\/p>\n","protected":false},"author":1,"featured_media":31027,"comment_status":"closed","ping_status":"closed","sticky":false,"template":"","format":"standard","meta":{"footnotes":""},"categories":[2],"tags":[],"class_list":["post-31026","post","type-post","status-publish","format-standard","has-post-thumbnail","hentry","category-nacionales"],"_links":{"self":[{"href":"https:\/\/sertv.gob.pa\/nacionalfm\/wp-json\/wp\/v2\/posts\/31026","targetHints":{"allow":["GET"]}}],"collection":[{"href":"https:\/\/sertv.gob.pa\/nacionalfm\/wp-json\/wp\/v2\/posts"}],"about":[{"href":"https:\/\/sertv.gob.pa\/nacionalfm\/wp-json\/wp\/v2\/types\/post"}],"author":[{"embeddable":true,"href":"https:\/\/sertv.gob.pa\/nacionalfm\/wp-json\/wp\/v2\/users\/1"}],"replies":[{"embeddable":true,"href":"https:\/\/sertv.gob.pa\/nacionalfm\/wp-json\/wp\/v2\/comments?post=31026"}],"version-history":[{"count":0,"href":"https:\/\/sertv.gob.pa\/nacionalfm\/wp-json\/wp\/v2\/posts\/31026\/revisions"}],"wp:featuredmedia":[{"embeddable":true,"href":"https:\/\/sertv.gob.pa\/nacionalfm\/wp-json\/wp\/v2\/media\/31027"}],"wp:attachment":[{"href":"https:\/\/sertv.gob.pa\/nacionalfm\/wp-json\/wp\/v2\/media?parent=31026"}],"wp:term":[{"taxonomy":"category","embeddable":true,"href":"https:\/\/sertv.gob.pa\/nacionalfm\/wp-json\/wp\/v2\/categories?post=31026"},{"taxonomy":"post_tag","embeddable":true,"href":"https:\/\/sertv.gob.pa\/nacionalfm\/wp-json\/wp\/v2\/tags?post=31026"}],"curies":[{"name":"wp","href":"https:\/\/api.w.org\/{rel}","templated":true}]}}