{"id":31036,"date":"2018-10-01T20:36:08","date_gmt":"2018-10-01T20:36:08","guid":{"rendered":""},"modified":"2018-10-01T20:36:08","modified_gmt":"2018-10-01T20:36:08","slug":"entrega-de-los-cepadem-se-efectuara-del-2-al-5-de-octubre","status":"publish","type":"post","link":"https:\/\/sertv.gob.pa\/nacionalfm\/entrega-de-los-cepadem-se-efectuara-del-2-al-5-de-octubre\/","title":{"rendered":"Entrega  de los CEPADEM, se efectuar\u00e1 del 2 al 5 de octubre"},"content":{"rendered":"<p>\nA trav\u00e9s de nota las autoridades del Ministerio de Econom\u00eda y Finanzas dan a conocer lo siguiente: <\/p>\n<p>\u00a0 <\/p>\n<p> El Ministerio de Econom\u00eda y Finanzas (MEF) realizar\u00e1 la pr\u00f3xima jornada de entrega masiva de los Certificados de Pago Negociables de la Segunda Partida del D\u00e9cimo Tercer Mes (CEPADEM), los d\u00edas 2 y 3 de octubre en La Arena Roberto Dur\u00e1n y en el resto del pa\u00eds se entregar\u00e1n del 2 al 5 en los Centros de Pago a Nivel Nacional que se han habilitado para estas entregas.  <\/p>\n<p>\u00a0 <\/p>\n<p> La entidad informa que en la Arena Roberto Dur\u00e1n, se entregar\u00e1n ambos d\u00edas a vivos jubilados y no jubilados, as\u00ed como a las viudas sobrevivientes de los favorecidos. De igual forma, se har\u00e1 en el interior del pa\u00eds.  <\/p>\n<p>\u00a0 <\/p>\n<p> Los beneficiarios pendientes de recibir sus certificados, deben percatarse de la actualizaci\u00f3n de la p\u00e1gina digital cepadem.mef.gob.pa con la finalidad de verificar la disponibilidad en las fechas y horario de entrega, ya que la instituci\u00f3n procura una buena atenci\u00f3n a todos los ciudadanos para evitar inconvenientes.  <\/p>\n<p>\u00a0 <\/p>\n<p>El MEF recuerda a los beneficiarios de los certificados que no han sido retirados en algunas de las fechas de entregas pasadas, que \u00e9stos estar\u00e1n disponibles en \u00e9sta pr\u00f3xima jornada de entrega. <\/p>\n<p>\u00a0 <\/p>\n<p> Se espera que para la pr\u00f3xima entrega masiva de los d\u00edas 30 y 31 de Octubre, se encuentre firmado el decreto que permitir\u00e1 realizar la entrega de los certificados a los hijos de los beneficiarios fallecidos.  <\/p>\n","protected":false},"excerpt":{"rendered":"<p>A trav\u00e9s de nota las autoridades del Ministerio de Econom\u00eda <a href=\"https:\/\/sertv.gob.pa\/nacionalfm\/entrega-de-los-cepadem-se-efectuara-del-2-al-5-de-octubre\/\"> [&#8230;]<\/a><\/p>\n","protected":false},"author":1,"featured_media":31037,"comment_status":"closed","ping_status":"closed","sticky":false,"template":"","format":"standard","meta":{"footnotes":""},"categories":[2],"tags":[],"class_list":["post-31036","post","type-post","status-publish","format-standard","has-post-thumbnail","hentry","category-nacionales"],"_links":{"self":[{"href":"https:\/\/sertv.gob.pa\/nacionalfm\/wp-json\/wp\/v2\/posts\/31036","targetHints":{"allow":["GET"]}}],"collection":[{"href":"https:\/\/sertv.gob.pa\/nacionalfm\/wp-json\/wp\/v2\/posts"}],"about":[{"href":"https:\/\/sertv.gob.pa\/nacionalfm\/wp-json\/wp\/v2\/types\/post"}],"author":[{"embeddable":true,"href":"https:\/\/sertv.gob.pa\/nacionalfm\/wp-json\/wp\/v2\/users\/1"}],"replies":[{"embeddable":true,"href":"https:\/\/sertv.gob.pa\/nacionalfm\/wp-json\/wp\/v2\/comments?post=31036"}],"version-history":[{"count":0,"href":"https:\/\/sertv.gob.pa\/nacionalfm\/wp-json\/wp\/v2\/posts\/31036\/revisions"}],"wp:featuredmedia":[{"embeddable":true,"href":"https:\/\/sertv.gob.pa\/nacionalfm\/wp-json\/wp\/v2\/media\/31037"}],"wp:attachment":[{"href":"https:\/\/sertv.gob.pa\/nacionalfm\/wp-json\/wp\/v2\/media?parent=31036"}],"wp:term":[{"taxonomy":"category","embeddable":true,"href":"https:\/\/sertv.gob.pa\/nacionalfm\/wp-json\/wp\/v2\/categories?post=31036"},{"taxonomy":"post_tag","embeddable":true,"href":"https:\/\/sertv.gob.pa\/nacionalfm\/wp-json\/wp\/v2\/tags?post=31036"}],"curies":[{"name":"wp","href":"https:\/\/api.w.org\/{rel}","templated":true}]}}