{"id":31044,"date":"2018-10-02T13:59:18","date_gmt":"2018-10-02T13:59:18","guid":{"rendered":""},"modified":"2018-10-02T13:59:18","modified_gmt":"2018-10-02T13:59:18","slug":"presentan-a-panama-re-enfoque-de-la-lucha-contra-el-narcotrafico","status":"publish","type":"post","link":"https:\/\/sertv.gob.pa\/nacionalfm\/presentan-a-panama-re-enfoque-de-la-lucha-contra-el-narcotrafico\/","title":{"rendered":"Presentan a Panam\u00e1, re-enfoque de la lucha contra el narcotr\u00e1fico"},"content":{"rendered":"<p>\nEl presidente de la Rep\u00fablica de Panam\u00e1, Juan Carlos Varela, present\u00f3 al pa\u00eds el re enfoque de la lucha contra el narcotr\u00e1fico, que es una de las 40 pol\u00edticas p\u00fablicas que comparti\u00f3 en su discurso en las Naciones Unidas, a trav\u00e9s de la mano firme y la prevenci\u00f3n, con operaciones como Escudo y la Fuerza de Tarea Arc\u00e1ngel. <\/p>\n<p>Los estamentos de seguridad del Estado, pusieron en marcha\u00a0las operaciones con el apoyo de capacidades t\u00e9cnicas ofrecidas por los gobiernos de Estados Unidos, Costa Rica y Colombia, donde se ejecutar\u00e1n operaciones de seguridad, acciones sociales y de prevenci\u00f3n del delito en \u00e1reas litorales e insulares del territorio nacional. <\/p>\n<p>Este operativo, tiene como intenci\u00f3n, someter a aquellos grupos al margen de la ley ligados al narcotr\u00e1fico, pero a la vez desarrollar programas y acciones econ\u00f3micas auto-sostenibles, con la intervenci\u00f3n de m\u00e1s de 17 entidades gubernamentales, en 51 comunidades del pa\u00eds donde un sector de su poblaci\u00f3n ha sido identificado como potenciales &ldquo;redes de apoyo log\u00edstico&rdquo; a las rutas del narcotr\u00e1fico. <\/p>\n<p>\u00abA partir de hoy, con el lanzamiento de las operaciones estaremos enfoc\u00e1ndonos con mayor atenci\u00f3n en zonas vulnerables al narcotr\u00e1fico, pero sin bajar la guardia en los barrios y comunidades del pa\u00eds, con m\u00e1s recursos, equipamiento y video-vigilancia, principalmente a trav\u00e9s de dos proyectos que marcar\u00e1n un antes y un despu\u00e9s en materia de tecnolog\u00eda aplicada al combate de la delincuencia y la inseguridad\u00bb, especific\u00f3 el gobernante. <\/p>\n<p>La puesta en marcha de esta operaci\u00f3n, comenzar\u00e1 en el Archipi\u00e9lago de Las Perlas, en el Pac\u00edfico paname\u00f1o, e incluye las comunidades San Miguel en Isla del Rey, La Esmeralda y Casaya; en la provincia de Dari\u00e9n en los corregimientos Jaqu\u00e9, Bah\u00eda Pi\u00f1a, los poblados de Cocalito y Guayabito; el distrito de Santa Catalina, provincia de Veraguas y la comarca Ng\u00e4be-Bugl\u00e9. <\/p>\n<p>Para este ejercicio, se han asignado medios navales y a\u00e9reos de la Aeronaval, para el traslado de log\u00edstica, materiales de construcci\u00f3n para uso en reparaciones comunitarias, centros educativos e instalaciones de salud en puntos costeros e insulares en el Mar Caribe y la Polic\u00eda Nacional y el Servicio Nacional de Fronteras (SENAFRONT). <\/p>\n<p>La Aeronaval, despliega sus medios operacionales mar\u00edtimos y a\u00e9reos para el buen desarrollo de esta operaci\u00f3n conjunta, a la que se unen los medios mar\u00edtimos de interdicci\u00f3n, como son las lanchas tipo Damen, patrulleras y el Buque Multipr\u00f3sito L-403, adem\u00e1s de helic\u00f3pteros y aviones recientemente adquiridos por el Gobierno Nacional, para reforzar la seguridad y brindar ayuda humanitaria a las poblaciones sobre todo en \u00e1reas insulares. <\/p>\n<p>La acci\u00f3n planificada y coordinada, favorecer\u00e1 a cientos de familias en su mayor\u00eda de escasos recursos, contar\u00e1 con completa atenci\u00f3n a las necesidades de estas poblaciones con asistencia especializada, orientaci\u00f3n, captaci\u00f3n y servicios b\u00e1sicos de salud. <\/p>\n<p>\u00a0 <\/p>\n","protected":false},"excerpt":{"rendered":"<p>El presidente de la Rep\u00fablica de Panam\u00e1, Juan Carlos Varela, <a href=\"https:\/\/sertv.gob.pa\/nacionalfm\/presentan-a-panama-re-enfoque-de-la-lucha-contra-el-narcotrafico\/\"> [&#8230;]<\/a><\/p>\n","protected":false},"author":1,"featured_media":31045,"comment_status":"closed","ping_status":"closed","sticky":false,"template":"","format":"standard","meta":{"footnotes":""},"categories":[2],"tags":[],"class_list":["post-31044","post","type-post","status-publish","format-standard","has-post-thumbnail","hentry","category-nacionales"],"_links":{"self":[{"href":"https:\/\/sertv.gob.pa\/nacionalfm\/wp-json\/wp\/v2\/posts\/31044","targetHints":{"allow":["GET"]}}],"collection":[{"href":"https:\/\/sertv.gob.pa\/nacionalfm\/wp-json\/wp\/v2\/posts"}],"about":[{"href":"https:\/\/sertv.gob.pa\/nacionalfm\/wp-json\/wp\/v2\/types\/post"}],"author":[{"embeddable":true,"href":"https:\/\/sertv.gob.pa\/nacionalfm\/wp-json\/wp\/v2\/users\/1"}],"replies":[{"embeddable":true,"href":"https:\/\/sertv.gob.pa\/nacionalfm\/wp-json\/wp\/v2\/comments?post=31044"}],"version-history":[{"count":0,"href":"https:\/\/sertv.gob.pa\/nacionalfm\/wp-json\/wp\/v2\/posts\/31044\/revisions"}],"wp:featuredmedia":[{"embeddable":true,"href":"https:\/\/sertv.gob.pa\/nacionalfm\/wp-json\/wp\/v2\/media\/31045"}],"wp:attachment":[{"href":"https:\/\/sertv.gob.pa\/nacionalfm\/wp-json\/wp\/v2\/media?parent=31044"}],"wp:term":[{"taxonomy":"category","embeddable":true,"href":"https:\/\/sertv.gob.pa\/nacionalfm\/wp-json\/wp\/v2\/categories?post=31044"},{"taxonomy":"post_tag","embeddable":true,"href":"https:\/\/sertv.gob.pa\/nacionalfm\/wp-json\/wp\/v2\/tags?post=31044"}],"curies":[{"name":"wp","href":"https:\/\/api.w.org\/{rel}","templated":true}]}}