{"id":31046,"date":"2018-10-02T14:28:28","date_gmt":"2018-10-02T14:28:28","guid":{"rendered":""},"modified":"2018-10-02T14:28:28","modified_gmt":"2018-10-02T14:28:28","slug":"arranco-campana-de-prevencion-del-cancer-de-mama-y-prostata","status":"publish","type":"post","link":"https:\/\/sertv.gob.pa\/nacionalfm\/arranco-campana-de-prevencion-del-cancer-de-mama-y-prostata\/","title":{"rendered":"Arranc\u00f3 campa\u00f1a de prevenci\u00f3n del \u201cC\u00e1ncer de mama y pr\u00f3stata\u00bb"},"content":{"rendered":"<p>\nCon una misa de acci\u00f3n de gracias y el encendido de luces en el Palacio Presidencial de Panam\u00e1, se dio comienzo el lunes, 1 de octubre, del a\u00f1o en curso, a la campa\u00f1a en el mes de prevenci\u00f3n del c\u00e1ncer de mama y pr\u00f3stata, cuyo lema es:   &ldquo;Hoy celebramos la vida, luchando juntos&rdquo;.   <\/p>\n<p>Durante el encuentro, en el que particip\u00f3 la pareja presidencial, el presidente de la Rep\u00fablica, Juan Carlos Varela y la primera dama, Lorena Castillo de Varela, se elev\u00f3 plegarias por quienes han fallecido a ra\u00edz del c\u00e1ncer y por los que luchan contra la enfermedad y sus familiares.\u00a0 <\/p>\n<p>Culminado el oficio religioso, familiares de fallecidos, sobrevivientes de c\u00e1ncer y miembros del Gabinete, llevaron a cabo una caminata hasta el Palacio de las Garzas, donde se efectu\u00f3 el encendido de luces con colores alusivos a la campa\u00f1a de la Cinta Rosada y Celeste. <\/p>\n<p>La campa\u00f1a: &ldquo;Hoy celebramos la vida, luchando juntos&rdquo;, es una iniciativa que promueve desde el 2014, el Despacho de la Primera Dama, con la finalidad de concienciar a la poblaci\u00f3n sobre la importancia de realizarse el examen como medida de prevenci\u00f3n y, en caso de un diagn\u00f3stico positivo, recibir tratamiento oportuno para tener una mejor calidad de vida.\u00a0 Esta campa\u00f1a, incluye adem\u00e1s, actividades como el D\u00eda de Dar, un momento donde el equipo de trabajo de la esposa del presidente Varela, comparte \u00a0en el Instituto Oncol\u00f3gico Nacional con sobrevivientes de c\u00e1ncer y sus familiares un mensaje de solidaridad y de lucha.\u00a0 <\/p>\n<p>Durante el evento, Penelope Rothery, sobreviviente de c\u00e1ncer, comparti\u00f3 con los presentes, su testimonio de vida y exhort\u00f3 a que se mantengan fuertes ante las adversidades y a realizarse las revisiones de salud de forma peri\u00f3dica.\u00a0 <\/p>\n<p>Por su parte, la Primera Dama, coment\u00f3, que la prevenci\u00f3n sigue siendo la primera l\u00ednea de defensa contra el c\u00e1ncer, al tiempo que record\u00f3 que un diagn\u00f3stico positivo no es una sentencia de muerte, sino sin\u00f3nimo de lucha.\u00a0 <\/p>\n<p>&ldquo;Hablar de c\u00e1ncer es hablar de lucha, generando conciencia, haciendo un llamado a la prevenci\u00f3n, \u00a0convirti\u00e9ndose en un asunto de todos los d\u00edas, a lo largo de todo el a\u00f1o, aunque se tome un mes espec\u00edfico para recordarlo&rdquo;, declar\u00f3 Castillo de Varela. Sostuvo, que la lucha contra el c\u00e1ncer es permanente, es por ello que la respuesta est\u00e1 en la detecci\u00f3n oportuna. &ldquo;En el Despacho, esa lucha tambi\u00e9n es una prioridad, y lo hacemos \u00a0a trav\u00e9s de la Cl\u00ednica M\u00f3vil Amor sobre Ruedas que se moviliza a todos los rincones apartados y m\u00e1s vulnerables del pa\u00eds para ofrecer prevenci\u00f3n a nuestras mujeres a trav\u00e9s del examen de mamograf\u00eda gratuito&rdquo;, expuso la primera Dama. \u00a0 <\/p>\n<p>Mencion\u00f3 el caso de Delicia Dunoguez, quien fue diagnosticada en agosto de 2014, con c\u00e1ncer de mama, su examen fue realizado en la Cl\u00ednica M\u00f3vil Amor Sobre Ruedas. &ldquo;Han pasado 4 a\u00f1os desde su diagn\u00f3stico, ella pudo recibir un tratamiento oportuno y hoy Delicia apoya de manera activa nuestra campa\u00f1a de prevenci\u00f3n, brindando su testimonio y generando conciencia sobre la importancia de hacerse sus ex\u00e1menes con tiempo&rdquo;, destac\u00f3. Hasta la fecha se han realizado 18,990 mamograf\u00edas a nivel nacional. <\/p>\n<p>La primera Dama, del mismo modo reconoci\u00f3 la lucha contra el c\u00e1ncer, que durante a\u00f1os cumplen diferentes Fundaciones y organizaciones, al tiempo que destac\u00f3 la excelente labor de todo el personal del Instituto Oncol\u00f3gico Nacional, liderado por su Director, An\u00edbal Villa-Real. <\/p>\n<p>&ldquo;Por los sobrevivientes y por los que ya no est\u00e1n exhorto a la poblaci\u00f3n a que comparta el mensaje de la importancia de la detecci\u00f3n oportuna, h\u00e1ganlo en sus casas con sus familiares, en el trabajo con los compa\u00f1eros y con los amigos.\u00a0 Es un mensaje que puede salvar vidas&rdquo;, puntualiz\u00f3 Castillo de Varela.\u00a0 <\/p>\n<p>\u00a0 <\/p>\n<p>\u00a0 <\/p>\n","protected":false},"excerpt":{"rendered":"<p>Con una misa de acci\u00f3n de gracias y el encendido <a href=\"https:\/\/sertv.gob.pa\/nacionalfm\/arranco-campana-de-prevencion-del-cancer-de-mama-y-prostata\/\"> [&#8230;]<\/a><\/p>\n","protected":false},"author":1,"featured_media":31047,"comment_status":"closed","ping_status":"closed","sticky":false,"template":"","format":"standard","meta":{"footnotes":""},"categories":[2],"tags":[],"class_list":["post-31046","post","type-post","status-publish","format-standard","has-post-thumbnail","hentry","category-nacionales"],"_links":{"self":[{"href":"https:\/\/sertv.gob.pa\/nacionalfm\/wp-json\/wp\/v2\/posts\/31046","targetHints":{"allow":["GET"]}}],"collection":[{"href":"https:\/\/sertv.gob.pa\/nacionalfm\/wp-json\/wp\/v2\/posts"}],"about":[{"href":"https:\/\/sertv.gob.pa\/nacionalfm\/wp-json\/wp\/v2\/types\/post"}],"author":[{"embeddable":true,"href":"https:\/\/sertv.gob.pa\/nacionalfm\/wp-json\/wp\/v2\/users\/1"}],"replies":[{"embeddable":true,"href":"https:\/\/sertv.gob.pa\/nacionalfm\/wp-json\/wp\/v2\/comments?post=31046"}],"version-history":[{"count":0,"href":"https:\/\/sertv.gob.pa\/nacionalfm\/wp-json\/wp\/v2\/posts\/31046\/revisions"}],"wp:featuredmedia":[{"embeddable":true,"href":"https:\/\/sertv.gob.pa\/nacionalfm\/wp-json\/wp\/v2\/media\/31047"}],"wp:attachment":[{"href":"https:\/\/sertv.gob.pa\/nacionalfm\/wp-json\/wp\/v2\/media?parent=31046"}],"wp:term":[{"taxonomy":"category","embeddable":true,"href":"https:\/\/sertv.gob.pa\/nacionalfm\/wp-json\/wp\/v2\/categories?post=31046"},{"taxonomy":"post_tag","embeddable":true,"href":"https:\/\/sertv.gob.pa\/nacionalfm\/wp-json\/wp\/v2\/tags?post=31046"}],"curies":[{"name":"wp","href":"https:\/\/api.w.org\/{rel}","templated":true}]}}