{"id":31048,"date":"2018-10-02T14:52:13","date_gmt":"2018-10-02T14:52:13","guid":{"rendered":""},"modified":"2018-10-02T14:52:13","modified_gmt":"2018-10-02T14:52:13","slug":"presentan-tarjeta-conmemorativa-a-la-campana-contra-el-cancer","status":"publish","type":"post","link":"https:\/\/sertv.gob.pa\/nacionalfm\/presentan-tarjeta-conmemorativa-a-la-campana-contra-el-cancer\/","title":{"rendered":"Presentan \u201cTarjeta conmemorativa a la campa\u00f1a contra el c\u00e1ncer\u201d"},"content":{"rendered":"<p>\nDurante el acto, que se llev\u00f3 a cabo el encendido de luces en el Palacio Presidencial de la Rep\u00fablica de Panam\u00e1, el cual dio principio a la campa\u00f1a en el mes de prevenci\u00f3n del c\u00e1ncer de mama y pr\u00f3stata, y que cont\u00f3 con la presencia del Presidente de la Rep\u00fablica, Juan Carlos Varela y la Primera Dama, Lorena Castillo de Varela, el Presidente Ejecutivo y Gerente General de Cable &#038; Wireless Panam\u00e1, Julio Spiegel, present\u00f3 por tercer a\u00f1o consecutivo,  la tarjeta conmemorativa a la campa\u00f1a   contra el c\u00e1ncer,  a fin de \u00a0generar conciencia sobre la prevenci\u00f3n y lucha contra esta enfermedad. <\/p>\n<p>Esta tarjeta, la cual fue dise\u00f1ada por Cable &#038; Wireless Panam\u00e1, este a\u00f1o denominada tarjeta conmemorativa: \u00a0  &ldquo;Lazos Solidarios&rdquo;,   proyecta visualizar y homenajear a todos aquellos artistas nacionales e internacionales que sumaron y donaron su talento en el proyecto art\u00edstico social   Lazos Solidarios,   desarrollado en el Despacho de la primera Dama. En total circular\u00e1n a nivel nacional 2 millones de tarjetas. <\/p>\n<p>El lazo, s\u00edmbolo universal de lucha contra el c\u00e1ncer, fue intervenido por artistas que se solidarizaron con la lucha y de forma desinteresada donaron su talento enviando un mensaje de solidaridad, fortaleza y esperanza para las personas que padecen esta enfermedad y sus familiares. <\/p>\n<p>  La tarjeta conmemorativa Lazos Solidarios  , \u00a0es una forma de reconocer a los artistas: Carlos Cruz- Diez, Olga Sinclair, Lucio Kansuet, Andrea Arias, Marisabel Baz\u00e1n, Dami\u00e1n Hern\u00e1ndez, Rolo De Sedas, Oswaldo de Le\u00f3n Kantule, Eduardo Navarro, B\u00e1rbara Cartier, Camila Bernal, Alexander Wtges, Iv\u00e1n Blasser, Ana Elena Garuz, Rafael Bogar\u00edn, Cisco Merel, Manuel Ojeda, Vladimir Barrios, Gabriel Gonz\u00e1lez, Insano, Micky F\u00e1brega, Ar\u00edstides Ure\u00f1a, Fernando Toledo, Gabriela Batista, Rafael Barrios, Diego F\u00e1brega, Braulio Matos, por sus intervenciones que, adem\u00e1s de dignificar la lucha contra el c\u00e1ncer a trav\u00e9s del arte, y recuerdan que el c\u00e1ncer no significa muerte, sino lucha, y que la conciencia y prevenci\u00f3n contra esta enfermedad, es un asunto de todos los d\u00edas, a lo largo de todo el a\u00f1o, aunque se tome un mes espec\u00edfico para recordarlo. <\/p>\n<p>Durante el acto, la primera Dama en presencia de la se\u00f1ora Marianela Cruz, agradeci\u00f3 a las personas que tuvieron la sensibilidad art\u00edstica y social de proponer esta iniciativa, muy en especial el se\u00f1or Jorge Cruz (q.e.p.d.), quien puso a disposici\u00f3n, las instalaciones del Taller Articruz y a sus colaboradores para trabajar en tan hermoso proyecto, convirtiendo a el Taller Articruz en la casa de los   Lazos Solidarios.   <\/p>\n<p>\u00a0 <\/p>\n<p>\u00a0 <\/p>\n","protected":false},"excerpt":{"rendered":"<p>Durante el acto, que se llev\u00f3 a cabo el encendido <a href=\"https:\/\/sertv.gob.pa\/nacionalfm\/presentan-tarjeta-conmemorativa-a-la-campana-contra-el-cancer\/\"> [&#8230;]<\/a><\/p>\n","protected":false},"author":1,"featured_media":31049,"comment_status":"closed","ping_status":"closed","sticky":false,"template":"","format":"standard","meta":{"footnotes":""},"categories":[2],"tags":[],"class_list":["post-31048","post","type-post","status-publish","format-standard","has-post-thumbnail","hentry","category-nacionales"],"_links":{"self":[{"href":"https:\/\/sertv.gob.pa\/nacionalfm\/wp-json\/wp\/v2\/posts\/31048","targetHints":{"allow":["GET"]}}],"collection":[{"href":"https:\/\/sertv.gob.pa\/nacionalfm\/wp-json\/wp\/v2\/posts"}],"about":[{"href":"https:\/\/sertv.gob.pa\/nacionalfm\/wp-json\/wp\/v2\/types\/post"}],"author":[{"embeddable":true,"href":"https:\/\/sertv.gob.pa\/nacionalfm\/wp-json\/wp\/v2\/users\/1"}],"replies":[{"embeddable":true,"href":"https:\/\/sertv.gob.pa\/nacionalfm\/wp-json\/wp\/v2\/comments?post=31048"}],"version-history":[{"count":0,"href":"https:\/\/sertv.gob.pa\/nacionalfm\/wp-json\/wp\/v2\/posts\/31048\/revisions"}],"wp:featuredmedia":[{"embeddable":true,"href":"https:\/\/sertv.gob.pa\/nacionalfm\/wp-json\/wp\/v2\/media\/31049"}],"wp:attachment":[{"href":"https:\/\/sertv.gob.pa\/nacionalfm\/wp-json\/wp\/v2\/media?parent=31048"}],"wp:term":[{"taxonomy":"category","embeddable":true,"href":"https:\/\/sertv.gob.pa\/nacionalfm\/wp-json\/wp\/v2\/categories?post=31048"},{"taxonomy":"post_tag","embeddable":true,"href":"https:\/\/sertv.gob.pa\/nacionalfm\/wp-json\/wp\/v2\/tags?post=31048"}],"curies":[{"name":"wp","href":"https:\/\/api.w.org\/{rel}","templated":true}]}}