{"id":3105,"date":"2014-12-15T05:00:00","date_gmt":"2014-12-15T05:00:00","guid":{"rendered":""},"modified":"2014-12-15T05:00:00","modified_gmt":"2014-12-15T05:00:00","slug":"los-nervios-podrian-danarse-de-dislocarse-un-hombro","status":"publish","type":"post","link":"https:\/\/sertv.gob.pa\/nacionalfm\/los-nervios-podrian-danarse-de-dislocarse-un-hombro\/","title":{"rendered":"Los nervios podr\u00edan da\u00f1arse de dislocarse un hombro"},"content":{"rendered":"<p>\nUn estudio recientemente liderado por el Dr. Thomas Youm, profesor cl\u00ednico asistente del Hospital de Enfermedades de las Articulaciones en Estados Unidos, descubri\u00f3 que el tratamiento m\u00e9dico inmediato de un hombro dislocado disminuye el peligro de lesiones del hueso, musculares, nerviosas y dislocaciones futuras, <\/p>\n<p>Si alguien se disloca un hombro, no debe esperar m\u00e1s de una semana para recibir atenci\u00f3n m\u00e9dica. Eso se debe a la necesidad de que se vigile el posible da\u00f1o nervioso antes y despu\u00e9s de colocar el hombro, informaron los autores del estudio. Despu\u00e9s se podr\u00eda necesitar rehabilitaci\u00f3n contra la rigidez en el hombro. <\/p>\n<p>\u00a0 <\/p>\n","protected":false},"excerpt":{"rendered":"<p>Un estudio recientemente liderado por el Dr. Thomas Youm, profesor <a href=\"https:\/\/sertv.gob.pa\/nacionalfm\/los-nervios-podrian-danarse-de-dislocarse-un-hombro\/\"> [&#8230;]<\/a><\/p>\n","protected":false},"author":1,"featured_media":3106,"comment_status":"closed","ping_status":"closed","sticky":false,"template":"","format":"standard","meta":{"footnotes":""},"categories":[5],"tags":[],"class_list":["post-3105","post","type-post","status-publish","format-standard","has-post-thumbnail","hentry","category-salud"],"_links":{"self":[{"href":"https:\/\/sertv.gob.pa\/nacionalfm\/wp-json\/wp\/v2\/posts\/3105","targetHints":{"allow":["GET"]}}],"collection":[{"href":"https:\/\/sertv.gob.pa\/nacionalfm\/wp-json\/wp\/v2\/posts"}],"about":[{"href":"https:\/\/sertv.gob.pa\/nacionalfm\/wp-json\/wp\/v2\/types\/post"}],"author":[{"embeddable":true,"href":"https:\/\/sertv.gob.pa\/nacionalfm\/wp-json\/wp\/v2\/users\/1"}],"replies":[{"embeddable":true,"href":"https:\/\/sertv.gob.pa\/nacionalfm\/wp-json\/wp\/v2\/comments?post=3105"}],"version-history":[{"count":0,"href":"https:\/\/sertv.gob.pa\/nacionalfm\/wp-json\/wp\/v2\/posts\/3105\/revisions"}],"wp:featuredmedia":[{"embeddable":true,"href":"https:\/\/sertv.gob.pa\/nacionalfm\/wp-json\/wp\/v2\/media\/3106"}],"wp:attachment":[{"href":"https:\/\/sertv.gob.pa\/nacionalfm\/wp-json\/wp\/v2\/media?parent=3105"}],"wp:term":[{"taxonomy":"category","embeddable":true,"href":"https:\/\/sertv.gob.pa\/nacionalfm\/wp-json\/wp\/v2\/categories?post=3105"},{"taxonomy":"post_tag","embeddable":true,"href":"https:\/\/sertv.gob.pa\/nacionalfm\/wp-json\/wp\/v2\/tags?post=3105"}],"curies":[{"name":"wp","href":"https:\/\/api.w.org\/{rel}","templated":true}]}}