{"id":31054,"date":"2018-10-02T16:26:22","date_gmt":"2018-10-02T16:26:22","guid":{"rendered":""},"modified":"2018-10-02T16:26:22","modified_gmt":"2018-10-02T16:26:22","slug":"ministro-de-trabajo-de-panama-se-reunio-con-grupo-del-caribe","status":"publish","type":"post","link":"https:\/\/sertv.gob.pa\/nacionalfm\/ministro-de-trabajo-de-panama-se-reunio-con-grupo-del-caribe\/","title":{"rendered":"Ministro de Trabajo de Panam\u00e1, se reuni\u00f3 con Grupo del Caribe"},"content":{"rendered":"<p>\nEl Ministro de Trabajo de Panam\u00e1, Luis Ernesto Carles, expres\u00f3 durante un encuentro con representantes de la regi\u00f3n del Caribe que estas reuniones, permiten consolidar las relaciones con los pa\u00edses cercanos y unificar las ideas con respecto al futuro del trabajo. <\/p>\n<p>&ldquo;Estas reformas estructurales son necesarias para lograr un desarrollo sostenible con equidad, y esto s\u00f3lo suceder\u00e1 con la concurrencia de todos los sectores en los pa\u00edses, y con el apoyo de la comunidad regional&rdquo;, revel\u00f3 el ministro de Trabajo de Panam\u00e1. <\/p>\n<p>Sostuvo, que como pa\u00edses comparten desaf\u00edos similares, en cuanto a la promoci\u00f3n del empleo decente para los j\u00f3venes, la necesidad de elaborar pol\u00edticas p\u00fablicas frente al tema de la informalidad, a la educaci\u00f3n, y la necesidad de incrementar los niveles de productividad. <\/p>\n<p>&ldquo;Las discusiones sobre el futuro del trabajo que se han realizado en Am\u00e9rica Latina y el Caribe nos confirman que una integraci\u00f3n entre el Caribe y Am\u00e9rica Latina se hace m\u00e1s inminente&rdquo;, sentenci\u00f3 el Ministro Carles. Producto de estos acercamientos -seg\u00fan el Ministro Carles- se pueden implementar un n\u00famero importante de buenas pr\u00e1cticas que beneficien a ambas subregiones del continente americano que merecen ser consideradas. <\/p>\n<p>Recalc\u00f3, que la Agenda del Trabajo Decente, resulta m\u00e1s oportuna que nunca en el marco de los Objetivos de Desarrollo Sostenible (ODS), puesto que nos da el soporte necesario para crear sociedades m\u00e1s inclusivas en las que el empleo y la seguridad social son pilares fundamentales para lograrlas. <\/p>\n<p>Finalmente indic\u00f3, que estas discusiones resultan de suma importancia, no s\u00f3lo para el Caribe sino tambi\u00e9n para Am\u00e9rica Latina, porque vivimos en un mundo globalizado donde las pol\u00edticas sub-regionales tienen impacto a nivel regional y mundial. <\/p>\n<p>Las declaraciones del titular de la cartera laboral de Panam\u00e1 se dieron durante las reuniones previas a la 19\u00aa Reuni\u00f3n Regional Americana que se desarrollar\u00e1 en Panam\u00e1 del 2 al 5 de octubre de 2018. <\/p>\n","protected":false},"excerpt":{"rendered":"<p>El Ministro de Trabajo de Panam\u00e1, Luis Ernesto Carles, expres\u00f3 <a href=\"https:\/\/sertv.gob.pa\/nacionalfm\/ministro-de-trabajo-de-panama-se-reunio-con-grupo-del-caribe\/\"> [&#8230;]<\/a><\/p>\n","protected":false},"author":1,"featured_media":31055,"comment_status":"closed","ping_status":"closed","sticky":false,"template":"","format":"standard","meta":{"footnotes":""},"categories":[2],"tags":[],"class_list":["post-31054","post","type-post","status-publish","format-standard","has-post-thumbnail","hentry","category-nacionales"],"_links":{"self":[{"href":"https:\/\/sertv.gob.pa\/nacionalfm\/wp-json\/wp\/v2\/posts\/31054","targetHints":{"allow":["GET"]}}],"collection":[{"href":"https:\/\/sertv.gob.pa\/nacionalfm\/wp-json\/wp\/v2\/posts"}],"about":[{"href":"https:\/\/sertv.gob.pa\/nacionalfm\/wp-json\/wp\/v2\/types\/post"}],"author":[{"embeddable":true,"href":"https:\/\/sertv.gob.pa\/nacionalfm\/wp-json\/wp\/v2\/users\/1"}],"replies":[{"embeddable":true,"href":"https:\/\/sertv.gob.pa\/nacionalfm\/wp-json\/wp\/v2\/comments?post=31054"}],"version-history":[{"count":0,"href":"https:\/\/sertv.gob.pa\/nacionalfm\/wp-json\/wp\/v2\/posts\/31054\/revisions"}],"wp:featuredmedia":[{"embeddable":true,"href":"https:\/\/sertv.gob.pa\/nacionalfm\/wp-json\/wp\/v2\/media\/31055"}],"wp:attachment":[{"href":"https:\/\/sertv.gob.pa\/nacionalfm\/wp-json\/wp\/v2\/media?parent=31054"}],"wp:term":[{"taxonomy":"category","embeddable":true,"href":"https:\/\/sertv.gob.pa\/nacionalfm\/wp-json\/wp\/v2\/categories?post=31054"},{"taxonomy":"post_tag","embeddable":true,"href":"https:\/\/sertv.gob.pa\/nacionalfm\/wp-json\/wp\/v2\/tags?post=31054"}],"curies":[{"name":"wp","href":"https:\/\/api.w.org\/{rel}","templated":true}]}}