{"id":31062,"date":"2018-10-02T19:02:39","date_gmt":"2018-10-02T19:02:39","guid":{"rendered":""},"modified":"2018-10-02T19:02:39","modified_gmt":"2018-10-02T19:02:39","slug":"representantes-del-mida-y-oirsa-efectuan-simulacros-fitosanitarios","status":"publish","type":"post","link":"https:\/\/sertv.gob.pa\/nacionalfm\/representantes-del-mida-y-oirsa-efectuan-simulacros-fitosanitarios\/","title":{"rendered":"Representantes del MIDA y OIRSA efect\u00faan simulacros fitosanitarios"},"content":{"rendered":"<p>\nLas autoridades del Ministerio de Desarrollo Agropecuario, a trav\u00e9s de la Direcci\u00f3n Nacional de Sanidad Vegetal, de forma coordinada con el organismo internacional regional de sanidad agropecuaria, OIRSA; llev\u00f3 a cabo con \u00e9xito, dos importantes simulacros, como una forma de evaluar y mejorar las estrategias que se tienen ante una contingencia fitosanitaria.\u00a0 <\/p>\n<p>Ambas jornadas, se desarrollaron en la comunidad de La Tranca de Siogui, corregimiento de La Estrella, Bugaba; donde los participantes practicaron cada una las acciones recomendadas para el control de un eventual brote de las enfermedades, fusarium oxysporum raza 4 tropical, en los cultivos de banano y pl\u00e1tano, y otro de la enfermedad amarillamiento de los brotes de los c\u00edtricos o HLB (Huanglongbing), en una parcela de lim\u00f3n persa. Seg\u00fan los especialistas, el HLB est\u00e1 confinado en zonas de la provincia de Bocas del Toro, hace 27 meses, lo que demuestra la efectividad de los controles que se aplican, mientras que el FOC R4T, no existe en Panam\u00e1 ni en el Continente Americano, por lo que es necesario prepararse de manera preventiva, para afrontar alguna de estas eventualidades.\u00a0 <\/p>\n<p>Referente a la metodolog\u00eda de ense\u00f1anza utilizada (simulacro) el Dr. Carlos Ur\u00edas del OIRSA, recalc\u00f3 que este proceso implica simular los posibles escenarios de una emergencia fitosanitaria y poder actuar en tiempo y forma, en la erradicaci\u00f3n, control y manejo de un posible brote de estas plagas de importancia cuarentenaria.\u00a0 <\/p>\n<p>La jornada de simulacros, culmin\u00f3 el jueves, 27 de septiembre, en la finca del productor Pedro Coba, con la presencia del director nacional de sanidad vegetal del MIDA, Dar\u00edo Gord\u00f3n, del coordinador nacional del programa de vigilancia fitosanitaria, Edgardo Acu\u00f1a, del Director regional del MIDA, Rolando Guerrero y del coordinador regional de sanidad vegetal, Harry P\u00e9rez. <\/p>\n","protected":false},"excerpt":{"rendered":"<p>Las autoridades del Ministerio de Desarrollo Agropecuario, a trav\u00e9s de <a href=\"https:\/\/sertv.gob.pa\/nacionalfm\/representantes-del-mida-y-oirsa-efectuan-simulacros-fitosanitarios\/\"> [&#8230;]<\/a><\/p>\n","protected":false},"author":1,"featured_media":31063,"comment_status":"closed","ping_status":"closed","sticky":false,"template":"","format":"standard","meta":{"footnotes":""},"categories":[2],"tags":[],"class_list":["post-31062","post","type-post","status-publish","format-standard","has-post-thumbnail","hentry","category-nacionales"],"_links":{"self":[{"href":"https:\/\/sertv.gob.pa\/nacionalfm\/wp-json\/wp\/v2\/posts\/31062","targetHints":{"allow":["GET"]}}],"collection":[{"href":"https:\/\/sertv.gob.pa\/nacionalfm\/wp-json\/wp\/v2\/posts"}],"about":[{"href":"https:\/\/sertv.gob.pa\/nacionalfm\/wp-json\/wp\/v2\/types\/post"}],"author":[{"embeddable":true,"href":"https:\/\/sertv.gob.pa\/nacionalfm\/wp-json\/wp\/v2\/users\/1"}],"replies":[{"embeddable":true,"href":"https:\/\/sertv.gob.pa\/nacionalfm\/wp-json\/wp\/v2\/comments?post=31062"}],"version-history":[{"count":0,"href":"https:\/\/sertv.gob.pa\/nacionalfm\/wp-json\/wp\/v2\/posts\/31062\/revisions"}],"wp:featuredmedia":[{"embeddable":true,"href":"https:\/\/sertv.gob.pa\/nacionalfm\/wp-json\/wp\/v2\/media\/31063"}],"wp:attachment":[{"href":"https:\/\/sertv.gob.pa\/nacionalfm\/wp-json\/wp\/v2\/media?parent=31062"}],"wp:term":[{"taxonomy":"category","embeddable":true,"href":"https:\/\/sertv.gob.pa\/nacionalfm\/wp-json\/wp\/v2\/categories?post=31062"},{"taxonomy":"post_tag","embeddable":true,"href":"https:\/\/sertv.gob.pa\/nacionalfm\/wp-json\/wp\/v2\/tags?post=31062"}],"curies":[{"name":"wp","href":"https:\/\/api.w.org\/{rel}","templated":true}]}}