{"id":31064,"date":"2018-10-02T19:16:24","date_gmt":"2018-10-02T19:16:24","guid":{"rendered":""},"modified":"2018-10-02T19:16:24","modified_gmt":"2018-10-02T19:16:24","slug":"otorgan-nuevos-equipos-a-parlamentarias-de-la-junta-directiva-de-la-css","status":"publish","type":"post","link":"https:\/\/sertv.gob.pa\/nacionalfm\/otorgan-nuevos-equipos-a-parlamentarias-de-la-junta-directiva-de-la-css\/","title":{"rendered":"Otorgan nuevos equipos a parlamentarias de la Junta Directiva de la CSS"},"content":{"rendered":"<p>\nPara una labor m\u00e1s expedita, eficiente y de calidad, representantes de la Direcci\u00f3n Ejecutiva Nacional de Innovaci\u00f3n y Transformaci\u00f3n (DENIT), hizo entrega de 16 computadores y 5 impresoras a personal de la Secretar\u00eda General de la Caja de Seguro Social (CSS). <\/p>\n<p>Sobre el particular, el Ing. Armando Calder\u00f3n, enfatiz\u00f3 que la proyecci\u00f3n de DENIT, est\u00e1 enfocada a entregar a todas las unidades ejecutoras de la CSS las herramientas necesarias para que el trabajo en cada una de ellas sea m\u00e1s competitivo. A\u00f1adi\u00f3, que con la entrega del nuevo equipo, se busca aportar a la agilizaci\u00f3n de los procesos en Junta Directiva, en el \u00e1rea de las parlamentarias. <\/p>\n<p>El nuevo componente tecnol\u00f3gico, ser\u00e1 utilizado por el equipo de parlamentarias de la Junta Directiva de la CSS en su labor de elaboraci\u00f3n de actas y otras documentaciones que surjan durante las sesiones plenarias y de comisiones. <\/p>\n<p>Para la entrega del equipo, participaron: el Ing. Calder\u00f3n, el vicepresidente de Junta Directiva, Roberto Valencia, la secretaria general, Lidia Rivera, la directora de Inform\u00e1tica, Rosemary Hern\u00e1ndez, la directora de Gesti\u00f3n administrativa, Marisela Bernal y el subdirector de Gesti\u00f3n Administrativa, Lorenzo Navarro. <\/p>\n","protected":false},"excerpt":{"rendered":"<p>Para una labor m\u00e1s expedita, eficiente y de calidad, representantes <a href=\"https:\/\/sertv.gob.pa\/nacionalfm\/otorgan-nuevos-equipos-a-parlamentarias-de-la-junta-directiva-de-la-css\/\"> [&#8230;]<\/a><\/p>\n","protected":false},"author":1,"featured_media":31065,"comment_status":"closed","ping_status":"closed","sticky":false,"template":"","format":"standard","meta":{"footnotes":""},"categories":[2],"tags":[],"class_list":["post-31064","post","type-post","status-publish","format-standard","has-post-thumbnail","hentry","category-nacionales"],"_links":{"self":[{"href":"https:\/\/sertv.gob.pa\/nacionalfm\/wp-json\/wp\/v2\/posts\/31064","targetHints":{"allow":["GET"]}}],"collection":[{"href":"https:\/\/sertv.gob.pa\/nacionalfm\/wp-json\/wp\/v2\/posts"}],"about":[{"href":"https:\/\/sertv.gob.pa\/nacionalfm\/wp-json\/wp\/v2\/types\/post"}],"author":[{"embeddable":true,"href":"https:\/\/sertv.gob.pa\/nacionalfm\/wp-json\/wp\/v2\/users\/1"}],"replies":[{"embeddable":true,"href":"https:\/\/sertv.gob.pa\/nacionalfm\/wp-json\/wp\/v2\/comments?post=31064"}],"version-history":[{"count":0,"href":"https:\/\/sertv.gob.pa\/nacionalfm\/wp-json\/wp\/v2\/posts\/31064\/revisions"}],"wp:featuredmedia":[{"embeddable":true,"href":"https:\/\/sertv.gob.pa\/nacionalfm\/wp-json\/wp\/v2\/media\/31065"}],"wp:attachment":[{"href":"https:\/\/sertv.gob.pa\/nacionalfm\/wp-json\/wp\/v2\/media?parent=31064"}],"wp:term":[{"taxonomy":"category","embeddable":true,"href":"https:\/\/sertv.gob.pa\/nacionalfm\/wp-json\/wp\/v2\/categories?post=31064"},{"taxonomy":"post_tag","embeddable":true,"href":"https:\/\/sertv.gob.pa\/nacionalfm\/wp-json\/wp\/v2\/tags?post=31064"}],"curies":[{"name":"wp","href":"https:\/\/api.w.org\/{rel}","templated":true}]}}