{"id":31066,"date":"2018-10-02T19:29:15","date_gmt":"2018-10-02T19:29:15","guid":{"rendered":""},"modified":"2018-10-02T19:29:15","modified_gmt":"2018-10-02T19:29:15","slug":"autoridades-de-la-css-de-bocas-del-toro-disponen-instalaciones-para-la-jmj","status":"publish","type":"post","link":"https:\/\/sertv.gob.pa\/nacionalfm\/autoridades-de-la-css-de-bocas-del-toro-disponen-instalaciones-para-la-jmj\/","title":{"rendered":"Autoridades de la CSS de Bocas del Toro, disponen instalaciones para la JMJ"},"content":{"rendered":"<p>\nCon la finalidad de coordinar los detalles de la Jornada Mundial de la Juventud (JMJ), las autoridades de la Caja de Seguro Social (CSS), de Bocas del Toro, participaron de reuni\u00f3n interinstitucional en esta provincia. <\/p>\n<p>Este encuentro busca coordinar y reforzar los anillos de seguridad, para que las entidades est\u00e9n preparadas para la afluencia de personas que concurrir\u00e1n al pa\u00eds por esta \u00e1rea fronteriza, en las prejornadas de la JMJ, que se desarrollar\u00e1n del 17 al 20 de enero de 2019. <\/p>\n<p>En esta reuni\u00f3n participaron la Iglesia Cat\u00f3lica, la Junta T\u00e9cnica Provincial, instituciones de salud y los enlaces de Seguridad de Panam\u00e1. <\/p>\n","protected":false},"excerpt":{"rendered":"<p>Con la finalidad de coordinar los detalles de la Jornada <a href=\"https:\/\/sertv.gob.pa\/nacionalfm\/autoridades-de-la-css-de-bocas-del-toro-disponen-instalaciones-para-la-jmj\/\"> [&#8230;]<\/a><\/p>\n","protected":false},"author":1,"featured_media":31067,"comment_status":"closed","ping_status":"closed","sticky":false,"template":"","format":"standard","meta":{"footnotes":""},"categories":[2],"tags":[],"class_list":["post-31066","post","type-post","status-publish","format-standard","has-post-thumbnail","hentry","category-nacionales"],"_links":{"self":[{"href":"https:\/\/sertv.gob.pa\/nacionalfm\/wp-json\/wp\/v2\/posts\/31066","targetHints":{"allow":["GET"]}}],"collection":[{"href":"https:\/\/sertv.gob.pa\/nacionalfm\/wp-json\/wp\/v2\/posts"}],"about":[{"href":"https:\/\/sertv.gob.pa\/nacionalfm\/wp-json\/wp\/v2\/types\/post"}],"author":[{"embeddable":true,"href":"https:\/\/sertv.gob.pa\/nacionalfm\/wp-json\/wp\/v2\/users\/1"}],"replies":[{"embeddable":true,"href":"https:\/\/sertv.gob.pa\/nacionalfm\/wp-json\/wp\/v2\/comments?post=31066"}],"version-history":[{"count":0,"href":"https:\/\/sertv.gob.pa\/nacionalfm\/wp-json\/wp\/v2\/posts\/31066\/revisions"}],"wp:featuredmedia":[{"embeddable":true,"href":"https:\/\/sertv.gob.pa\/nacionalfm\/wp-json\/wp\/v2\/media\/31067"}],"wp:attachment":[{"href":"https:\/\/sertv.gob.pa\/nacionalfm\/wp-json\/wp\/v2\/media?parent=31066"}],"wp:term":[{"taxonomy":"category","embeddable":true,"href":"https:\/\/sertv.gob.pa\/nacionalfm\/wp-json\/wp\/v2\/categories?post=31066"},{"taxonomy":"post_tag","embeddable":true,"href":"https:\/\/sertv.gob.pa\/nacionalfm\/wp-json\/wp\/v2\/tags?post=31066"}],"curies":[{"name":"wp","href":"https:\/\/api.w.org\/{rel}","templated":true}]}}