{"id":31070,"date":"2018-10-02T20:26:59","date_gmt":"2018-10-02T20:26:59","guid":{"rendered":""},"modified":"2018-10-02T20:26:59","modified_gmt":"2018-10-02T20:26:59","slug":"realizaran-trabajos-de-reubicacion-de-lineas-en-chitre-este-miercoles","status":"publish","type":"post","link":"https:\/\/sertv.gob.pa\/nacionalfm\/realizaran-trabajos-de-reubicacion-de-lineas-en-chitre-este-miercoles\/","title":{"rendered":"Realizar\u00e1n trabajos de reubicaci\u00f3n de l\u00edneas en Chitr\u00e9, este mi\u00e9rcoles"},"content":{"rendered":"<p>\nEl Instituto de Acueductos y Alcantarillados Nacionales (IDAAN), informa que la empresa Constructora Urbana S.A. (CUSA), que ejecuta el proyecto de dise\u00f1o y construcci\u00f3n \u00a0para la rehabilitaci\u00f3n de la v\u00eda Chitr\u00e9 &ndash; playa El Agallito realizar\u00e1 trabajos de reubicaci\u00f3n de l\u00edneas de 6&rdquo; y 8&rdquo; en la red de distribuci\u00f3n en la v\u00eda \u00a0playa El Agallito corregimiento de Llano Bonito, distrito de Chitr\u00e9. <\/p>\n<p>Estos trabajos se llevar\u00e1n a cabo \u00e9ste mi\u00e9rcoles, 3 de octubre en horario de 8:00 a.m. a 6:00 p.m. y afectar\u00e1n temporalmente el suministro de agua potable en: Bda. Los Sauces, Soberan\u00eda y\u00a0 El Puerto de El Agallito. <\/p>\n<p>El IDAAN recomienda hacer un uso racional del agua y exhorta a todos los clientes y usuarios residentes en los sectores afectados a tomar las medidas necesarias para evitar desabastecimiento de agua durante el tiempo que duren los trabajos y se recupere el sistema en su totalidad. <\/p>\n","protected":false},"excerpt":{"rendered":"<p>El Instituto de Acueductos y Alcantarillados Nacionales (IDAAN), informa que <a href=\"https:\/\/sertv.gob.pa\/nacionalfm\/realizaran-trabajos-de-reubicacion-de-lineas-en-chitre-este-miercoles\/\"> [&#8230;]<\/a><\/p>\n","protected":false},"author":1,"featured_media":31071,"comment_status":"closed","ping_status":"closed","sticky":false,"template":"","format":"standard","meta":{"footnotes":""},"categories":[2],"tags":[],"class_list":["post-31070","post","type-post","status-publish","format-standard","has-post-thumbnail","hentry","category-nacionales"],"_links":{"self":[{"href":"https:\/\/sertv.gob.pa\/nacionalfm\/wp-json\/wp\/v2\/posts\/31070","targetHints":{"allow":["GET"]}}],"collection":[{"href":"https:\/\/sertv.gob.pa\/nacionalfm\/wp-json\/wp\/v2\/posts"}],"about":[{"href":"https:\/\/sertv.gob.pa\/nacionalfm\/wp-json\/wp\/v2\/types\/post"}],"author":[{"embeddable":true,"href":"https:\/\/sertv.gob.pa\/nacionalfm\/wp-json\/wp\/v2\/users\/1"}],"replies":[{"embeddable":true,"href":"https:\/\/sertv.gob.pa\/nacionalfm\/wp-json\/wp\/v2\/comments?post=31070"}],"version-history":[{"count":0,"href":"https:\/\/sertv.gob.pa\/nacionalfm\/wp-json\/wp\/v2\/posts\/31070\/revisions"}],"wp:featuredmedia":[{"embeddable":true,"href":"https:\/\/sertv.gob.pa\/nacionalfm\/wp-json\/wp\/v2\/media\/31071"}],"wp:attachment":[{"href":"https:\/\/sertv.gob.pa\/nacionalfm\/wp-json\/wp\/v2\/media?parent=31070"}],"wp:term":[{"taxonomy":"category","embeddable":true,"href":"https:\/\/sertv.gob.pa\/nacionalfm\/wp-json\/wp\/v2\/categories?post=31070"},{"taxonomy":"post_tag","embeddable":true,"href":"https:\/\/sertv.gob.pa\/nacionalfm\/wp-json\/wp\/v2\/tags?post=31070"}],"curies":[{"name":"wp","href":"https:\/\/api.w.org\/{rel}","templated":true}]}}