{"id":31072,"date":"2018-10-02T20:36:00","date_gmt":"2018-10-02T20:36:00","guid":{"rendered":""},"modified":"2018-10-02T20:36:00","modified_gmt":"2018-10-02T20:36:00","slug":"en-casco-de-colon-haran-trabajos-de-desvio-de-tuberia-este-miercoles","status":"publish","type":"post","link":"https:\/\/sertv.gob.pa\/nacionalfm\/en-casco-de-colon-haran-trabajos-de-desvio-de-tuberia-este-miercoles\/","title":{"rendered":"En Casco de Col\u00f3n, har\u00e1n trabajos de desv\u00edo de tuber\u00eda, este mi\u00e9rcoles"},"content":{"rendered":"<p>\nEl Instituto de Acueductos y Alcantarillados Nacionales (IDAAN) comunica a nuestros usuarios en el Casco de Col\u00f3n, que este mi\u00e9rcoles, 3 de octubre, la empresa CUSA realizar\u00e1 trabajos de desv\u00edo de tuber\u00eda de 12&rdquo; en la calle 7 \u00a0Ave. Mel\u00e9ndez y de 20&rdquo; en la calle 10 Ave. Bol\u00edvar, \u00a0por lo que el suministro de agua ser\u00e1 suspendido de 8 de la ma\u00f1ana a 4 de la tarde. <\/p>\n<p>Durante el desarrollo de estos trabajos se garantizar\u00e1 el abastecimiento de agua mediante carros cisterna a los centros hospitalarios de la regi\u00f3n. <\/p>\n<p>\u00a0 <\/p>\n","protected":false},"excerpt":{"rendered":"<p>El Instituto de Acueductos y Alcantarillados Nacionales (IDAAN) comunica a <a href=\"https:\/\/sertv.gob.pa\/nacionalfm\/en-casco-de-colon-haran-trabajos-de-desvio-de-tuberia-este-miercoles\/\"> [&#8230;]<\/a><\/p>\n","protected":false},"author":1,"featured_media":31073,"comment_status":"closed","ping_status":"closed","sticky":false,"template":"","format":"standard","meta":{"footnotes":""},"categories":[2],"tags":[],"class_list":["post-31072","post","type-post","status-publish","format-standard","has-post-thumbnail","hentry","category-nacionales"],"_links":{"self":[{"href":"https:\/\/sertv.gob.pa\/nacionalfm\/wp-json\/wp\/v2\/posts\/31072","targetHints":{"allow":["GET"]}}],"collection":[{"href":"https:\/\/sertv.gob.pa\/nacionalfm\/wp-json\/wp\/v2\/posts"}],"about":[{"href":"https:\/\/sertv.gob.pa\/nacionalfm\/wp-json\/wp\/v2\/types\/post"}],"author":[{"embeddable":true,"href":"https:\/\/sertv.gob.pa\/nacionalfm\/wp-json\/wp\/v2\/users\/1"}],"replies":[{"embeddable":true,"href":"https:\/\/sertv.gob.pa\/nacionalfm\/wp-json\/wp\/v2\/comments?post=31072"}],"version-history":[{"count":0,"href":"https:\/\/sertv.gob.pa\/nacionalfm\/wp-json\/wp\/v2\/posts\/31072\/revisions"}],"wp:featuredmedia":[{"embeddable":true,"href":"https:\/\/sertv.gob.pa\/nacionalfm\/wp-json\/wp\/v2\/media\/31073"}],"wp:attachment":[{"href":"https:\/\/sertv.gob.pa\/nacionalfm\/wp-json\/wp\/v2\/media?parent=31072"}],"wp:term":[{"taxonomy":"category","embeddable":true,"href":"https:\/\/sertv.gob.pa\/nacionalfm\/wp-json\/wp\/v2\/categories?post=31072"},{"taxonomy":"post_tag","embeddable":true,"href":"https:\/\/sertv.gob.pa\/nacionalfm\/wp-json\/wp\/v2\/tags?post=31072"}],"curies":[{"name":"wp","href":"https:\/\/api.w.org\/{rel}","templated":true}]}}