{"id":31078,"date":"2018-10-03T14:19:49","date_gmt":"2018-10-03T14:19:49","guid":{"rendered":""},"modified":"2018-10-03T14:19:49","modified_gmt":"2018-10-03T14:19:49","slug":"panama-felicita-a-corea-en-su-dia-nacional","status":"publish","type":"post","link":"https:\/\/sertv.gob.pa\/nacionalfm\/panama-felicita-a-corea-en-su-dia-nacional\/","title":{"rendered":"Panam\u00e1 felicita a Corea en su D\u00eda Nacional"},"content":{"rendered":"<p>\nEl Gobierno y Pueblo de la Rep\u00fablica de Panam\u00e1 salud\u00f3 al Gobierno y Pueblo de la Rep\u00fablica de Corea en ocasi\u00f3n de los 55 a\u00f1os \u00a0de la independencia de esa naci\u00f3n asi\u00e1tica, \u00a0resaltando la nobleza y la fortaleza del pueblo coreano, el cual ante los desaf\u00edos hist\u00f3ricos, mantiene intacta su identidad cultural y sus tradiciones, mostrando siempre al mundo, un profundo sentido de comunidad y un enorme respeto por las otras naciones. <\/p>\n<p>En nombre del Presidente de la Rep\u00fablica, Juan Carlos Varela y de la Vicepresidenta y Ministra de Relaciones Exteriores, Isabel de Saint Malo de Alvarado, correspondi\u00f3 a la Secretaria General\u00a0 del Ministerio de Relaciones Exteriores, Amira \u00a0Barsallo expresar \u00a0el cordial saludo de felicitaci\u00f3n al pueblo coreano por tan importante acontecimiento de soberan\u00eda, paz e independencia. <\/p>\n<p>La Secretaria General de la Canciller\u00eda paname\u00f1a resalt\u00f3 el \u00a0papel trascendental del gobierno de Corea y\u00a0 la dedicada labor del Presidente. Moon-Jae-In,\u00a0 por la reconciliaci\u00f3n para la paz y la prosperidad de la pen\u00ednsula coreana y la convivencia pac\u00edfica de la comunidad internacional. <\/p>\n<p>Durante la ceremonia, en la que tambi\u00e9n hizo uso de la palabra el Encargado de Negocios de Corea,\u00a0 Jin Hyun Kang, destacaron las excelentes y s\u00f3lidas \u00a0relaciones bilaterales, \u00a0basadas en la amistad, la cooperaci\u00f3n y respeto mutuo, as\u00ed como el liderazgo regional de ambos pa\u00edses como plataformas\u00a0 competitivas para el mercado, sinergias que les convierte en \u00a0aliados estrat\u00e9gicos para beneficio del comercio mundial. <\/p>\n<p>\u00a0 <\/p>\n","protected":false},"excerpt":{"rendered":"<p>El Gobierno y Pueblo de la Rep\u00fablica de Panam\u00e1 salud\u00f3 <a href=\"https:\/\/sertv.gob.pa\/nacionalfm\/panama-felicita-a-corea-en-su-dia-nacional\/\"> [&#8230;]<\/a><\/p>\n","protected":false},"author":1,"featured_media":31079,"comment_status":"closed","ping_status":"closed","sticky":false,"template":"","format":"standard","meta":{"footnotes":""},"categories":[2],"tags":[],"class_list":["post-31078","post","type-post","status-publish","format-standard","has-post-thumbnail","hentry","category-nacionales"],"_links":{"self":[{"href":"https:\/\/sertv.gob.pa\/nacionalfm\/wp-json\/wp\/v2\/posts\/31078","targetHints":{"allow":["GET"]}}],"collection":[{"href":"https:\/\/sertv.gob.pa\/nacionalfm\/wp-json\/wp\/v2\/posts"}],"about":[{"href":"https:\/\/sertv.gob.pa\/nacionalfm\/wp-json\/wp\/v2\/types\/post"}],"author":[{"embeddable":true,"href":"https:\/\/sertv.gob.pa\/nacionalfm\/wp-json\/wp\/v2\/users\/1"}],"replies":[{"embeddable":true,"href":"https:\/\/sertv.gob.pa\/nacionalfm\/wp-json\/wp\/v2\/comments?post=31078"}],"version-history":[{"count":0,"href":"https:\/\/sertv.gob.pa\/nacionalfm\/wp-json\/wp\/v2\/posts\/31078\/revisions"}],"wp:featuredmedia":[{"embeddable":true,"href":"https:\/\/sertv.gob.pa\/nacionalfm\/wp-json\/wp\/v2\/media\/31079"}],"wp:attachment":[{"href":"https:\/\/sertv.gob.pa\/nacionalfm\/wp-json\/wp\/v2\/media?parent=31078"}],"wp:term":[{"taxonomy":"category","embeddable":true,"href":"https:\/\/sertv.gob.pa\/nacionalfm\/wp-json\/wp\/v2\/categories?post=31078"},{"taxonomy":"post_tag","embeddable":true,"href":"https:\/\/sertv.gob.pa\/nacionalfm\/wp-json\/wp\/v2\/tags?post=31078"}],"curies":[{"name":"wp","href":"https:\/\/api.w.org\/{rel}","templated":true}]}}