{"id":31080,"date":"2018-10-03T14:33:17","date_gmt":"2018-10-03T14:33:17","guid":{"rendered":""},"modified":"2018-10-03T14:33:17","modified_gmt":"2018-10-03T14:33:17","slug":"vicecancilleres-de-panama-e-italia-firman-memorando-de-entendimiento","status":"publish","type":"post","link":"https:\/\/sertv.gob.pa\/nacionalfm\/vicecancilleres-de-panama-e-italia-firman-memorando-de-entendimiento\/","title":{"rendered":"Vicecancilleres de Panam\u00e1 e Italia, firman Memorando de Entendimiento"},"content":{"rendered":"<p>\nCon el finalidad de desarrollar y fortalecer las relaciones as\u00ed como la cooperaci\u00f3n entre los dos pa\u00edses, el Vicecanciller paname\u00f1o Luis Miguel Hincapi\u00e9 y el Subsecretario de Estado para las Relaciones Exteriores y Cooperaci\u00f3n Internacional de la Rep\u00fablica Italiana, Ricardo Antonio Merlo, firmaron en el Palacio Bol\u00edvar, sede de la Canciller\u00eda paname\u00f1a, un Memorando de Entendimiento, para la creaci\u00f3n de un mecanismo de consultas bilaterales con \u00e9nfasis en las \u00e1reas pol\u00edticas, econ\u00f3micas, culturales, consulares, sociales y educativas. <\/p>\n<p>En encuentro sostenido con la Ministra y Canciller Isabel De Saint Malo de Alvarado y el Vicecanciller Hincapi\u00e9, el Subsecretario Merlo, aplaudi\u00f3 las acciones del gobierno paname\u00f1o frente a los flujos migratorios irregulares que han afectado la regi\u00f3n. Adem\u00e1s, recalc\u00f3 la coincidencia de los pa\u00edses por la forma como abordan este tema en sus respectivas regiones y el impulso que le imprimen tanto en el \u00e1mbito regional como en los organismos multilaterales. <\/p>\n<p>Por otro lado, manifest\u00f3 el inter\u00e9s de las empresas italianas por seguir participando en las licitaciones de las obras de infraestructura que realiza el gobierno paname\u00f1o y, al referirse a la celebraci\u00f3n de la Jornada Mundial de la Juventud, destac\u00f3 que m\u00e1s de 4000 j\u00f3venes italianos, participar\u00e1n en este importante evento. <\/p>\n<p>Las autoridades paname\u00f1as, aprovecharon la ocasi\u00f3n para agradecer al Subsecretario su contraparte, todo el apoyo recibido con respecto a la salida de Panam\u00e1 de la lista negra de la Uni\u00f3n Europea, recalcando que el respaldo de Italia, fue fundamental para alcanzar este objetivo. <\/p>\n<p>Durante su misi\u00f3n oficial en Panam\u00e1, la Viceministra de Asuntos Multilaterales y Cooperaci\u00f3n, Mar\u00eda Luisa Navarro, lo llev\u00f3 a un recorrido por el Centro Log\u00edstico Regional de Asistencia Humanitaria o &ldquo;Hub Humanitario&rdquo; el cual ser\u00e1 inaugurado en el mes de noviembre. Durante su visita al proyecto, el Subsecretario Merlo, expres\u00f3 el inter\u00e9s del gobierno italiano por cooperar en el \u00e1rea de capacitaciones para el personal que laborar\u00e1 en este Centro. Al respecto, la Viceministra Navarro, propuso el intercambio de buenas pr\u00e1cticas, dada las experiencias en materia de asistencia humanitaria que maneja Italia. <\/p>\n<p>Tras la visita al Hub Humanitario, la Viceministra Navarro y el Subsecretario Merlo, visitaron las esclusas de Cocol\u00ed del Canal ampliado, donde la Viceministra, habl\u00f3 sobre el impacto de esta obra al comercio global y el potencial de desarrollo de sus \u00e1reas adyacentes. <\/p>\n","protected":false},"excerpt":{"rendered":"<p>Con el finalidad de desarrollar y fortalecer las relaciones as\u00ed <a href=\"https:\/\/sertv.gob.pa\/nacionalfm\/vicecancilleres-de-panama-e-italia-firman-memorando-de-entendimiento\/\"> [&#8230;]<\/a><\/p>\n","protected":false},"author":1,"featured_media":31081,"comment_status":"closed","ping_status":"closed","sticky":false,"template":"","format":"standard","meta":{"footnotes":""},"categories":[2],"tags":[],"class_list":["post-31080","post","type-post","status-publish","format-standard","has-post-thumbnail","hentry","category-nacionales"],"_links":{"self":[{"href":"https:\/\/sertv.gob.pa\/nacionalfm\/wp-json\/wp\/v2\/posts\/31080","targetHints":{"allow":["GET"]}}],"collection":[{"href":"https:\/\/sertv.gob.pa\/nacionalfm\/wp-json\/wp\/v2\/posts"}],"about":[{"href":"https:\/\/sertv.gob.pa\/nacionalfm\/wp-json\/wp\/v2\/types\/post"}],"author":[{"embeddable":true,"href":"https:\/\/sertv.gob.pa\/nacionalfm\/wp-json\/wp\/v2\/users\/1"}],"replies":[{"embeddable":true,"href":"https:\/\/sertv.gob.pa\/nacionalfm\/wp-json\/wp\/v2\/comments?post=31080"}],"version-history":[{"count":0,"href":"https:\/\/sertv.gob.pa\/nacionalfm\/wp-json\/wp\/v2\/posts\/31080\/revisions"}],"wp:featuredmedia":[{"embeddable":true,"href":"https:\/\/sertv.gob.pa\/nacionalfm\/wp-json\/wp\/v2\/media\/31081"}],"wp:attachment":[{"href":"https:\/\/sertv.gob.pa\/nacionalfm\/wp-json\/wp\/v2\/media?parent=31080"}],"wp:term":[{"taxonomy":"category","embeddable":true,"href":"https:\/\/sertv.gob.pa\/nacionalfm\/wp-json\/wp\/v2\/categories?post=31080"},{"taxonomy":"post_tag","embeddable":true,"href":"https:\/\/sertv.gob.pa\/nacionalfm\/wp-json\/wp\/v2\/tags?post=31080"}],"curies":[{"name":"wp","href":"https:\/\/api.w.org\/{rel}","templated":true}]}}