{"id":31082,"date":"2018-10-03T15:09:56","date_gmt":"2018-10-03T15:09:56","guid":{"rendered":""},"modified":"2018-10-03T15:09:56","modified_gmt":"2018-10-03T15:09:56","slug":"ministro-de-trabajo-de-panama-presente-en-19-reunion-regional-americana","status":"publish","type":"post","link":"https:\/\/sertv.gob.pa\/nacionalfm\/ministro-de-trabajo-de-panama-presente-en-19-reunion-regional-americana\/","title":{"rendered":"Ministro de Trabajo de Panam\u00e1 presente en 19\u00aa Reuni\u00f3n Regional Americana"},"content":{"rendered":"<p>\nEn su calidad de presidente de la 19\u00aa Reuni\u00f3n Regional Americana (RRA), el titular de la cartera Laboral de Panam\u00e1, Luis Ernesto Carles, asever\u00f3, que el Nuevo Mundo del Trabajo debe ser aquel que se construya de forma colectiva (Gobiernos, Empleadores y Trabajadores), sobre la base de los valores y principios fundacionales en los que se sustenta la Organizaci\u00f3n Internacional del Trabajo (OIT). <\/p>\n<p>&ldquo;Si aspiramos a un futuro en el que el trabajo decente sea la regla y no la excepci\u00f3n, tal y como lo reafirma el Objetivo de Desarrollo Sostenible (ODS) No. 8, de la Agenda 2030, entonces debemos abocarnos a trazar no s\u00f3lo un sue\u00f1o sino un camino, una ruta de pol\u00edticas que nos acerque a ese loable anhelo&rdquo;, destac\u00f3 Carles, ante los representantes de los 3 sectores que participan de este encuentro que se desarrolla en nuestro pa\u00eds hasta el 5 de octubre. <\/p>\n<p>El Ministro Carles, pronunci\u00f3, que tanto el dise\u00f1o de las nuevas pol\u00edticas como el de las nuevas instituciones, exigen a nuestra regi\u00f3n un fortalecimiento urgente del di\u00e1logo social. <\/p>\n<p>&ldquo;Mi experiencia dentro de la actual administraci\u00f3n gubernamental, me ha ense\u00f1ado que la \u00fanica forma posible de avanzar en la agenda de trabajo decente, es por medio del di\u00e1logo social tripartito, sin di\u00e1logo no hay equidad, sin equidad, el progreso no se traduce en bienestar, qued\u00e1ndose s\u00f3lo en los n\u00fameros, indicadores macroecon\u00f3micos y en los bolsillos de unos pocos&rdquo;, subray\u00f3 el ministro Carles. <\/p>\n<p>Para el regente de la pol\u00edtica laboral de Panam\u00e1, una de las dimensiones esenciales de equidad en el nuevo mundo del trabajo debe ser la de g\u00e9nero. <\/p>\n<p>&ldquo;Hoy las mujeres no s\u00f3lo han asumido nuevos y determinantes roles en las transformaciones del mundo, la econom\u00eda y la pol\u00edtica cada vez m\u00e1s tienen un rostro femenino; pero nos falta, falta no s\u00f3lo que la mujer llene cuotas, sino que se respeten sus capacidades y sus fortalezas para el trabajo, ellas no piden d\u00e1divas, piden igualdad y que se les respete su dignidad&rdquo;, puntualiz\u00f3. <\/p>\n<p>A su vez expres\u00f3 ante los asistentes a esta trascendental reuni\u00f3n de los constituyentes de la OIT en las Am\u00e9ricas, que se deben definir rutas que contribuyan a reducir la desigualdad, promuevan la inclusi\u00f3n y aumenten la cohesi\u00f3n social en un entorno tan cambiante como el que vivimos. <\/p>\n<p>En \u00faltimo lugar, expuso, que se deben construir pol\u00edticas pertinentes, innovadoras e inclusivas, as\u00ed como instituciones democr\u00e1ticas s\u00f3lidas, que sostengan el sistema laboral, frente a la cuarta revoluci\u00f3n industrial y as\u00ed prepararse para el futuro del trabajo. <\/p>\n","protected":false},"excerpt":{"rendered":"<p>En su calidad de presidente de la 19\u00aa Reuni\u00f3n Regional <a href=\"https:\/\/sertv.gob.pa\/nacionalfm\/ministro-de-trabajo-de-panama-presente-en-19-reunion-regional-americana\/\"> [&#8230;]<\/a><\/p>\n","protected":false},"author":1,"featured_media":31083,"comment_status":"closed","ping_status":"closed","sticky":false,"template":"","format":"standard","meta":{"footnotes":""},"categories":[2],"tags":[],"class_list":["post-31082","post","type-post","status-publish","format-standard","has-post-thumbnail","hentry","category-nacionales"],"_links":{"self":[{"href":"https:\/\/sertv.gob.pa\/nacionalfm\/wp-json\/wp\/v2\/posts\/31082","targetHints":{"allow":["GET"]}}],"collection":[{"href":"https:\/\/sertv.gob.pa\/nacionalfm\/wp-json\/wp\/v2\/posts"}],"about":[{"href":"https:\/\/sertv.gob.pa\/nacionalfm\/wp-json\/wp\/v2\/types\/post"}],"author":[{"embeddable":true,"href":"https:\/\/sertv.gob.pa\/nacionalfm\/wp-json\/wp\/v2\/users\/1"}],"replies":[{"embeddable":true,"href":"https:\/\/sertv.gob.pa\/nacionalfm\/wp-json\/wp\/v2\/comments?post=31082"}],"version-history":[{"count":0,"href":"https:\/\/sertv.gob.pa\/nacionalfm\/wp-json\/wp\/v2\/posts\/31082\/revisions"}],"wp:featuredmedia":[{"embeddable":true,"href":"https:\/\/sertv.gob.pa\/nacionalfm\/wp-json\/wp\/v2\/media\/31083"}],"wp:attachment":[{"href":"https:\/\/sertv.gob.pa\/nacionalfm\/wp-json\/wp\/v2\/media?parent=31082"}],"wp:term":[{"taxonomy":"category","embeddable":true,"href":"https:\/\/sertv.gob.pa\/nacionalfm\/wp-json\/wp\/v2\/categories?post=31082"},{"taxonomy":"post_tag","embeddable":true,"href":"https:\/\/sertv.gob.pa\/nacionalfm\/wp-json\/wp\/v2\/tags?post=31082"}],"curies":[{"name":"wp","href":"https:\/\/api.w.org\/{rel}","templated":true}]}}