{"id":31084,"date":"2018-10-03T15:50:08","date_gmt":"2018-10-03T15:50:08","guid":{"rendered":""},"modified":"2018-10-03T15:50:08","modified_gmt":"2018-10-03T15:50:08","slug":"culmina-curso-de-lenguaje-de-senas-en-los-santos","status":"publish","type":"post","link":"https:\/\/sertv.gob.pa\/nacionalfm\/culmina-curso-de-lenguaje-de-senas-en-los-santos\/","title":{"rendered":"Culmina curso de \u201cLenguaje de Se\u00f1as\u201d, en Los Santos"},"content":{"rendered":"<p>\nCon el apoyo de Representantes de la Secretar\u00eda Nacional de Discapacidad (SENADIS) y la coordinaci\u00f3n del Ministerio de Desarrollo Social (MIDES) y la Oficina de Equiparaci\u00f3n de Oportunidades y G\u00e9nero (O.E.O.G.) de Los Santos, cerraron con \u00e9xito, recientemente, el curso de   Lenguaje de Se\u00f1as,   donde se graduaron unos 26 funcionarios p\u00fablicos de diferentes entidades. <\/p>\n<p>En este curso, participaron instituciones de la provincia de Los Santos, entre ellas: MIDES, ADUANA e INAMU, el cual tuvo una duraci\u00f3n de 120 horas, 8 horas diarias, las mismas fueron distribuidas en 3 semanas, en los meses de julio, agosto y septiembre. <\/p>\n<p>Este curso, fue dictado por la licenciada Mayra Felipe, facilitadora de SENADIS sede, quien dio el 100% para el logro de los objetivos del curso. <\/p>\n<p>Sobre el particular, el director provincial del MIDES, Alfredo Escobar, se siente satisfecho, pues su personal, podr\u00e1 comunicarse de\u00a0forma eficaz con los beneficiarios con cualidades especiales de los diferentes programas. <\/p>\n<p>Por otra parte, Jessica D\u00edaz, directora provincial de SENADIS, felicit\u00f3 a los participantes por asistir y culminar el curso de manera exitosa y los exhorta a continuar con la siguiente etapa. <\/p>\n<p>Podemos mencionar que la Oficina de Equiparaci\u00f3n de Oportunidades y G\u00e9nero es la encargada de velar por las necesidades, cumplimiento y fortalecimiento de todo lo relacionado con la discapacidad a nivel institucional. <\/p>\n<p>\u00a0 <\/p>\n","protected":false},"excerpt":{"rendered":"<p>Con el apoyo de Representantes de la Secretar\u00eda Nacional de <a href=\"https:\/\/sertv.gob.pa\/nacionalfm\/culmina-curso-de-lenguaje-de-senas-en-los-santos\/\"> [&#8230;]<\/a><\/p>\n","protected":false},"author":1,"featured_media":31085,"comment_status":"closed","ping_status":"closed","sticky":false,"template":"","format":"standard","meta":{"footnotes":""},"categories":[2],"tags":[],"class_list":["post-31084","post","type-post","status-publish","format-standard","has-post-thumbnail","hentry","category-nacionales"],"_links":{"self":[{"href":"https:\/\/sertv.gob.pa\/nacionalfm\/wp-json\/wp\/v2\/posts\/31084","targetHints":{"allow":["GET"]}}],"collection":[{"href":"https:\/\/sertv.gob.pa\/nacionalfm\/wp-json\/wp\/v2\/posts"}],"about":[{"href":"https:\/\/sertv.gob.pa\/nacionalfm\/wp-json\/wp\/v2\/types\/post"}],"author":[{"embeddable":true,"href":"https:\/\/sertv.gob.pa\/nacionalfm\/wp-json\/wp\/v2\/users\/1"}],"replies":[{"embeddable":true,"href":"https:\/\/sertv.gob.pa\/nacionalfm\/wp-json\/wp\/v2\/comments?post=31084"}],"version-history":[{"count":0,"href":"https:\/\/sertv.gob.pa\/nacionalfm\/wp-json\/wp\/v2\/posts\/31084\/revisions"}],"wp:featuredmedia":[{"embeddable":true,"href":"https:\/\/sertv.gob.pa\/nacionalfm\/wp-json\/wp\/v2\/media\/31085"}],"wp:attachment":[{"href":"https:\/\/sertv.gob.pa\/nacionalfm\/wp-json\/wp\/v2\/media?parent=31084"}],"wp:term":[{"taxonomy":"category","embeddable":true,"href":"https:\/\/sertv.gob.pa\/nacionalfm\/wp-json\/wp\/v2\/categories?post=31084"},{"taxonomy":"post_tag","embeddable":true,"href":"https:\/\/sertv.gob.pa\/nacionalfm\/wp-json\/wp\/v2\/tags?post=31084"}],"curies":[{"name":"wp","href":"https:\/\/api.w.org\/{rel}","templated":true}]}}