{"id":31086,"date":"2018-10-03T16:11:39","date_gmt":"2018-10-03T16:11:39","guid":{"rendered":""},"modified":"2018-10-03T16:11:39","modified_gmt":"2018-10-03T16:11:39","slug":"panama-sede-de-93-reunion-ordinaria-del-consejo-directivo-del-iin-oea","status":"publish","type":"post","link":"https:\/\/sertv.gob.pa\/nacionalfm\/panama-sede-de-93-reunion-ordinaria-del-consejo-directivo-del-iin-oea\/","title":{"rendered":"Panam\u00e1, sede de 93\u00aa reuni\u00f3n Ordinaria del Consejo Directivo del IIN-OEA"},"content":{"rendered":"<p>\nEl Gobierno de la Rep\u00fablica de Panam\u00e1, inaugur\u00f3 reci\u00e9n, la   93\u00aa Reuni\u00f3n Ordinaria del Consejo Directivo del Instituto Interamericano del     Ni\u00f1o, la Ni\u00f1a y Adolescentes IIN-OEA,   con la participaci\u00f3n de 34 Estados que conforman la Organizaci\u00f3n de los Estados Americanos (OEA), cuya misi\u00f3n es contribuir al desarrollo de pol\u00edticas p\u00fablicas que garanticen la promoci\u00f3n, protecci\u00f3n y ejercicio de los derechos de la ni\u00f1ez y la adolescencia. <\/p>\n<p>Durante esta reuni\u00f3n, la cual tendr\u00e1 una duraci\u00f3n de dos d\u00edas, se crear\u00e1n espacios t\u00e9cnicos en temas relacionados a las estrategias y acciones en la regi\u00f3n para poner fin al maltrato, la explotaci\u00f3n, la trata y todas las formas de violencia y tortura contra los ni\u00f1os, ni\u00f1as y adolescentes, la consolidaci\u00f3n de los Sistemas Nacionales de Protecci\u00f3n Integral, las Pol\u00edticas de Promoci\u00f3n y Protecci\u00f3n de Derechos en la Primera Infancia, Ni\u00f1ez Migrante, y la importancia de la Participaci\u00f3n de la Ni\u00f1ez y Adolescencia, entre otros. Por primera vez, la reuni\u00f3n contar\u00e1 con la participaci\u00f3n de adolescentes que representan a los Estados miembros del IIN, en un espacio de di\u00e1logo intergeneracional para interactuar con sus autoridades sobre el tema &ldquo;Ni\u00f1os, Ni\u00f1as y Adolescentes Defensores de los Derechos Humanos&rdquo;. <\/p>\n<p>Alcib\u00edades V\u00e1squez Vel\u00e1zquez, Ministro de Desarrollo Social, resalt\u00f3 que con esta plataforma de di\u00e1logo se reafirma el compromiso del gobierno hacia la reflexi\u00f3n y el intercambio de experiencias entre las autoridades regionales encargadas de la protecci\u00f3n, garant\u00eda y exigibilidad de los derechos de las ni\u00f1as, ni\u00f1os y adolescentes y, se convierte en un evento importante para contribuir al cambio de pol\u00edticas p\u00fablicas con la participaci\u00f3n de todos los sectores de la sociedad y la opini\u00f3n de los ni\u00f1os y adolescentes. Sentenci\u00f3 que &ldquo;dirigimos nuestros esfuerzos a la construcci\u00f3n de un Sistema de Garant\u00edas y Protecci\u00f3n Integral de Derechos de la Ni\u00f1ez y la Adolescencia, orientado a la articulaci\u00f3n e implementaci\u00f3n de las pol\u00edticas p\u00fablicas de ni\u00f1ez abarcando la protecci\u00f3n universal, social, especial y jurisdiccional de la ni\u00f1ez&rdquo;. <\/p>\n<p>Mientras tanto, Yazm\u00edn C\u00e1rdenas, Directora General de la SENNIAF, esclareci\u00f3, que esta reuni\u00f3n regional, se consolida como un espacio que nos permite promover el intercambio de experiencias y conocimientos, con el objetivo de fomentar una mejor comprensi\u00f3n y visi\u00f3n entre los diferentes pa\u00edses, que nos ayude en la construcci\u00f3n de plataformas s\u00f3lidas para la implementaci\u00f3n de estrategias, planes y acciones para la promoci\u00f3n y protecci\u00f3n de los derechos de la ni\u00f1ez, pero re\u00fane especial importancia ya que por primera vez, contaremos con una mirada m\u00e1s all\u00e1 del &ldquo;adultocentrismo&rdquo;, con la participaci\u00f3n de adolescentes de nuestra regi\u00f3n en el di\u00e1logo intergeneracional que aportar\u00e1 mucho a esta sesi\u00f3n. <\/p>\n<p>Para el Estado paname\u00f1o, acoger esta reuni\u00f3n, pone de manifiesto el decidido apoyo del Gobierno Nacional, en la promoci\u00f3n y protecci\u00f3n de los derechos humanos de la ni\u00f1ez y la consolidaci\u00f3n de nuestras pol\u00edticas al servicio y cumplimiento de los derechos de la ni\u00f1ez y la adolescencia. <\/p>\n<p>Cabe resaltar, que el IIN, es el organismo especializado de la OEA en materia de ni\u00f1ez y adolescencia, que brinda asistencia a los Estados en el desarrollo de pol\u00edticas p\u00fablicas, contribuyendo a su dise\u00f1o e implementaci\u00f3n en la perspectiva de la promoci\u00f3n, protecci\u00f3n y respeto a los derechos de ni\u00f1os, ni\u00f1as y adolescentes en la regi\u00f3n. Las reuniones del Consejo Directivo, se efect\u00faan cada a\u00f1o, en los diferentes pa\u00edses que conforman la OEA, con el objetivo de promover el di\u00e1logo, intercambio de experiencias, buenas pr\u00e1cticas y avances, para el desarrollo de mecanismos y herramientas que apoyen a los Estados en la implementaci\u00f3n de sus estrategias y acciones eficientes e integrales para la promoci\u00f3n y protecci\u00f3n de los derechos de los ni\u00f1os, ni\u00f1as y adolescentes. <\/p>\n<p>V\u00edctor A. Giorgi, Director General del Instituto Interamericano del Ni\u00f1o, la Ni\u00f1a y Adolescentes (IIN), recalca la importancia de que Panam\u00e1, sea la sede de esta instancia interamericana de trabajo conjunto, que fortalece una cultura de derechos e impulsan m\u00e1s derechos para m\u00e1s ni\u00f1os, ni\u00f1as y adolescentes en la regi\u00f3n. <\/p>\n<p>Panam\u00e1, presentar\u00e1 avances en la creaci\u00f3n de espacios de participaci\u00f3n de los ni\u00f1os y adolescentes a trav\u00e9s de los Consejos Consultivos, y de los mecanismos de articulaci\u00f3n para la prevenci\u00f3n de las violencias contra ni\u00f1os, ni\u00f1os y adolescentes a trav\u00e9s de la implementaci\u00f3n de la Estrategia Nacional Multisectorial de prevenci\u00f3n de la violencia contra la ni\u00f1ez y adolescencia 2018-2022, y las Mesas Municipales de Protecci\u00f3n de la ni\u00f1ez, instancia de atenci\u00f3n y protecci\u00f3n local creados en alianza con los municipios y la SENNIAF, entre otros. <\/p>\n<p>\u00a0 <\/p>\n","protected":false},"excerpt":{"rendered":"<p>El Gobierno de la Rep\u00fablica de Panam\u00e1, inaugur\u00f3 reci\u00e9n, la <a href=\"https:\/\/sertv.gob.pa\/nacionalfm\/panama-sede-de-93-reunion-ordinaria-del-consejo-directivo-del-iin-oea\/\"> [&#8230;]<\/a><\/p>\n","protected":false},"author":1,"featured_media":31087,"comment_status":"closed","ping_status":"closed","sticky":false,"template":"","format":"standard","meta":{"footnotes":""},"categories":[2],"tags":[],"class_list":["post-31086","post","type-post","status-publish","format-standard","has-post-thumbnail","hentry","category-nacionales"],"_links":{"self":[{"href":"https:\/\/sertv.gob.pa\/nacionalfm\/wp-json\/wp\/v2\/posts\/31086","targetHints":{"allow":["GET"]}}],"collection":[{"href":"https:\/\/sertv.gob.pa\/nacionalfm\/wp-json\/wp\/v2\/posts"}],"about":[{"href":"https:\/\/sertv.gob.pa\/nacionalfm\/wp-json\/wp\/v2\/types\/post"}],"author":[{"embeddable":true,"href":"https:\/\/sertv.gob.pa\/nacionalfm\/wp-json\/wp\/v2\/users\/1"}],"replies":[{"embeddable":true,"href":"https:\/\/sertv.gob.pa\/nacionalfm\/wp-json\/wp\/v2\/comments?post=31086"}],"version-history":[{"count":0,"href":"https:\/\/sertv.gob.pa\/nacionalfm\/wp-json\/wp\/v2\/posts\/31086\/revisions"}],"wp:featuredmedia":[{"embeddable":true,"href":"https:\/\/sertv.gob.pa\/nacionalfm\/wp-json\/wp\/v2\/media\/31087"}],"wp:attachment":[{"href":"https:\/\/sertv.gob.pa\/nacionalfm\/wp-json\/wp\/v2\/media?parent=31086"}],"wp:term":[{"taxonomy":"category","embeddable":true,"href":"https:\/\/sertv.gob.pa\/nacionalfm\/wp-json\/wp\/v2\/categories?post=31086"},{"taxonomy":"post_tag","embeddable":true,"href":"https:\/\/sertv.gob.pa\/nacionalfm\/wp-json\/wp\/v2\/tags?post=31086"}],"curies":[{"name":"wp","href":"https:\/\/api.w.org\/{rel}","templated":true}]}}