{"id":31088,"date":"2018-10-03T17:18:11","date_gmt":"2018-10-03T17:18:11","guid":{"rendered":""},"modified":"2018-10-03T17:18:11","modified_gmt":"2018-10-03T17:18:11","slug":"revitalizacion-del-eje-urbano-de-la-ciudad-muestra-mas-de-90-de-avance","status":"publish","type":"post","link":"https:\/\/sertv.gob.pa\/nacionalfm\/revitalizacion-del-eje-urbano-de-la-ciudad-muestra-mas-de-90-de-avance\/","title":{"rendered":"Revitalizaci\u00f3n del Eje Urbano de la Ciudad muestra m\u00e1s de 90% de avance"},"content":{"rendered":"<p>\nEl proyecto de revitalizaci\u00f3n del espacio p\u00fablico de la ciudad de Panam\u00e1 y que beneficia a\u00a0 miles de peatones contempla la intervenci\u00f3n de la V\u00eda Espa\u00f1a desde el tramo de V\u00eda Porras hasta la intersecci\u00f3n de la Avenida Justo Arosemena, avenida que de igual forma, es intervenida hasta la estaci\u00f3n del metro de la Plaza 5 de Mayo y la Avenida Ecuador en su totalidad. La obra, que es casi una realidad, lleva un adelanto del 97.6 por ciento. <\/p>\n<p>Incluye el adoquinado de aceras peatonales, de \u00e1reas de estacionamientos vehiculares, de tres plazas existentes, cubriendo un total de 80 mil metros cuadrados aproximadamente. Adem\u00e1s del soterramiento de los cables el\u00e9ctricos y de comunicaciones, iluminaci\u00f3n en las calles, rehabilitaci\u00f3n del sistema de drenaje pluvial y la dotaci\u00f3n de mobiliario urbano (bancas, paradas de buses, dep\u00f3sitos de basura y la iluminaci\u00f3n ornamental en plazas). En total ser\u00e1n 5.5 kil\u00f3metros de aceras que vislumbra la obra. <\/p>\n<p>El proyecto, en la actualidad, alcanza el 97.6 por ciento de avance y busca rescatar la movilidad peatonal de los residentes y visitantes de la metr\u00f3polis, sector que en los \u00faltimos 40 a\u00f1os ha sufrido el deterioro de la infraestructura p\u00fablica y el \u00e9xodo de sus habitantes. <\/p>\n<p>Las Plazas de Santa Ana y Plaza 5 de Mayo, el Parque Belisario Porras y aceras de la Bas\u00edlica Don Bosco, tambi\u00e9n forman parte de los trabajos. <\/p>\n<p>La comuna del distrito de Panam\u00e1, insta a sus residentes y visitantes a que cuiden y les den el uso correcto a las instalaciones. Muchos de los maceteros nuevos colocados en la peatonal muestran da\u00f1os por vandalismo y est\u00e1n llenos de basura. <\/p>\n<p>Es importante se\u00f1alar, que las autoridades de la Alcald\u00eda de Panam\u00e1, con la revitalizaci\u00f3n del espacio p\u00fablico, tienen como norte crear un proceso de transformaci\u00f3n en la ciudad que genere un ambiente urban\u00edsticamente sostenible, con una planificaci\u00f3n e integraci\u00f3n del desarrollo con la movilidad urbana sustentable y la gesti\u00f3n de los servicios p\u00fablicos, con el objetivo de mejorar la calidad de vida de quienes viven o visitan la ciudad y transitan diariamente sus avenidas. <\/p>\n<p>La inversi\u00f3n de este proyecto de ciudad, tiene una inversi\u00f3n aproximada de 99 millones de balboas.\u00a0 <\/p>\n","protected":false},"excerpt":{"rendered":"<p>El proyecto de revitalizaci\u00f3n del espacio p\u00fablico de la ciudad <a href=\"https:\/\/sertv.gob.pa\/nacionalfm\/revitalizacion-del-eje-urbano-de-la-ciudad-muestra-mas-de-90-de-avance\/\"> [&#8230;]<\/a><\/p>\n","protected":false},"author":1,"featured_media":31089,"comment_status":"closed","ping_status":"closed","sticky":false,"template":"","format":"standard","meta":{"footnotes":""},"categories":[2],"tags":[],"class_list":["post-31088","post","type-post","status-publish","format-standard","has-post-thumbnail","hentry","category-nacionales"],"_links":{"self":[{"href":"https:\/\/sertv.gob.pa\/nacionalfm\/wp-json\/wp\/v2\/posts\/31088","targetHints":{"allow":["GET"]}}],"collection":[{"href":"https:\/\/sertv.gob.pa\/nacionalfm\/wp-json\/wp\/v2\/posts"}],"about":[{"href":"https:\/\/sertv.gob.pa\/nacionalfm\/wp-json\/wp\/v2\/types\/post"}],"author":[{"embeddable":true,"href":"https:\/\/sertv.gob.pa\/nacionalfm\/wp-json\/wp\/v2\/users\/1"}],"replies":[{"embeddable":true,"href":"https:\/\/sertv.gob.pa\/nacionalfm\/wp-json\/wp\/v2\/comments?post=31088"}],"version-history":[{"count":0,"href":"https:\/\/sertv.gob.pa\/nacionalfm\/wp-json\/wp\/v2\/posts\/31088\/revisions"}],"wp:featuredmedia":[{"embeddable":true,"href":"https:\/\/sertv.gob.pa\/nacionalfm\/wp-json\/wp\/v2\/media\/31089"}],"wp:attachment":[{"href":"https:\/\/sertv.gob.pa\/nacionalfm\/wp-json\/wp\/v2\/media?parent=31088"}],"wp:term":[{"taxonomy":"category","embeddable":true,"href":"https:\/\/sertv.gob.pa\/nacionalfm\/wp-json\/wp\/v2\/categories?post=31088"},{"taxonomy":"post_tag","embeddable":true,"href":"https:\/\/sertv.gob.pa\/nacionalfm\/wp-json\/wp\/v2\/tags?post=31088"}],"curies":[{"name":"wp","href":"https:\/\/api.w.org\/{rel}","templated":true}]}}