{"id":31096,"date":"2018-10-03T19:32:45","date_gmt":"2018-10-03T19:32:45","guid":{"rendered":""},"modified":"2018-10-03T19:32:45","modified_gmt":"2018-10-03T19:32:45","slug":"autoridades-proyectan-creacion-de-guia-para-elaboracion-de-pot","status":"publish","type":"post","link":"https:\/\/sertv.gob.pa\/nacionalfm\/autoridades-proyectan-creacion-de-guia-para-elaboracion-de-pot\/","title":{"rendered":"Autoridades proyectan creaci\u00f3n de gu\u00eda para elaboraci\u00f3n de POT"},"content":{"rendered":"<p>\nUna gu\u00eda metodol\u00f3gica para el dise\u00f1o de los planes de ordenamiento territorial (POT) a nivel municipal, la cual se espera sirva como una contribuci\u00f3n del Viceministerio de Ordenamiento Territorial a las iniciativas que ejecutan los municipios en esta materia, fue uno de los principales temas a tratar en sesi\u00f3n de la Pol\u00edtica Nacional de Ordenamiento Territorial (PNOT). <\/p>\n<p>En esta sesi\u00f3n, entre los equipos t\u00e9cnicos del Viceministerio de Ordenamiento Territorial y consultores contratados por el Banco Interamericano de Desarrollo se discutieron diferentes aspectos relacionados con la gu\u00eda, se\u00f1al\u00f3 el viceministro, Juan Manuel V\u00e1squez. <\/p>\n<p>&ldquo;Con la descentralizaci\u00f3n, los municipios tienen ahora ese mandato, pero no todos cuentan con los recursos t\u00e9cnicos y humanos para emprender esa tarea, por lo que al Ministerio de Vivienda y Ordenamiento \u00a0\u00a0\u00a0\u00a0\u00a0\u00a0\u00a0\u00a0 Territorial (MIVIOT), le corresponde apoyarlos&rdquo;, puntualiz\u00f3 V\u00e1squez. Revel\u00f3, que dentro del contexto de la PNOT, se preparan igualmente gu\u00edas para el ordenamiento territorial a nivel regional. <\/p>\n","protected":false},"excerpt":{"rendered":"<p>Una gu\u00eda metodol\u00f3gica para el dise\u00f1o de los planes de <a href=\"https:\/\/sertv.gob.pa\/nacionalfm\/autoridades-proyectan-creacion-de-guia-para-elaboracion-de-pot\/\"> [&#8230;]<\/a><\/p>\n","protected":false},"author":1,"featured_media":31097,"comment_status":"closed","ping_status":"closed","sticky":false,"template":"","format":"standard","meta":{"footnotes":""},"categories":[2],"tags":[],"class_list":["post-31096","post","type-post","status-publish","format-standard","has-post-thumbnail","hentry","category-nacionales"],"_links":{"self":[{"href":"https:\/\/sertv.gob.pa\/nacionalfm\/wp-json\/wp\/v2\/posts\/31096","targetHints":{"allow":["GET"]}}],"collection":[{"href":"https:\/\/sertv.gob.pa\/nacionalfm\/wp-json\/wp\/v2\/posts"}],"about":[{"href":"https:\/\/sertv.gob.pa\/nacionalfm\/wp-json\/wp\/v2\/types\/post"}],"author":[{"embeddable":true,"href":"https:\/\/sertv.gob.pa\/nacionalfm\/wp-json\/wp\/v2\/users\/1"}],"replies":[{"embeddable":true,"href":"https:\/\/sertv.gob.pa\/nacionalfm\/wp-json\/wp\/v2\/comments?post=31096"}],"version-history":[{"count":0,"href":"https:\/\/sertv.gob.pa\/nacionalfm\/wp-json\/wp\/v2\/posts\/31096\/revisions"}],"wp:featuredmedia":[{"embeddable":true,"href":"https:\/\/sertv.gob.pa\/nacionalfm\/wp-json\/wp\/v2\/media\/31097"}],"wp:attachment":[{"href":"https:\/\/sertv.gob.pa\/nacionalfm\/wp-json\/wp\/v2\/media?parent=31096"}],"wp:term":[{"taxonomy":"category","embeddable":true,"href":"https:\/\/sertv.gob.pa\/nacionalfm\/wp-json\/wp\/v2\/categories?post=31096"},{"taxonomy":"post_tag","embeddable":true,"href":"https:\/\/sertv.gob.pa\/nacionalfm\/wp-json\/wp\/v2\/tags?post=31096"}],"curies":[{"name":"wp","href":"https:\/\/api.w.org\/{rel}","templated":true}]}}