{"id":31100,"date":"2018-10-03T20:17:00","date_gmt":"2018-10-03T20:17:00","guid":{"rendered":""},"modified":"2018-10-03T20:17:00","modified_gmt":"2018-10-03T20:17:00","slug":"vicepresidenta-de-panama-recibe-visita-de-parlamentarios-canadienses","status":"publish","type":"post","link":"https:\/\/sertv.gob.pa\/nacionalfm\/vicepresidenta-de-panama-recibe-visita-de-parlamentarios-canadienses\/","title":{"rendered":"Vicepresidenta de Panam\u00e1, recibe visita de parlamentarios canadienses"},"content":{"rendered":"<p>\nLa Vicepresidenta y Ministra de Relaciones Exteriores, Isabel De Saint Malo de Alvarado, recibi\u00f3 la visita de una delegaci\u00f3n de parlamentarios de Canad\u00e1, en la que contemplaron fortificar la agenda bilateral de los dos pa\u00edses, en \u00e1reas como la equidad de g\u00e9nero, el sector log\u00edstico, la seguridad, el turismo y las inversiones en el istmo. <\/p>\n<p>Ante el inter\u00e9s expresado por los parlamentarios canadienses de inversiones en Panam\u00e1, la Vicepresidenta y Canciller, destac\u00f3 las ventajas que brinda el istmo para establecer sedes de empresas de cobertura regional gracias a su plataforma log\u00edstica y de servicios, el Canal Ampliado y el sistema portuario. <\/p>\n<p>Asimismo convinieron, promover una visita de empresarios canadienses a fin de que inversionistas de este pa\u00eds norteamericano, puedan ver de primera manos las bondades de hacer negocios en Panam\u00e1 como el r\u00e9gimen de Sedes de Empresas Multinacionales (SEM); el \u00c1rea Econ\u00f3mica Especial de Panam\u00e1 Pac\u00edfico y la Zona Libre de Col\u00f3n entre otros. <\/p>\n<p>Los parlamentarios norteamericanos, se encuentran en el pa\u00eds, participando en la Tercera a Reuni\u00f3n de la Red Parlamentaria sobre el Cambio Clim\u00e1tico, que se efect\u00faa en esta ciudad, para impulsar la acci\u00f3n clim\u00e1tica en las Am\u00e9ricas y el Caribe y el rol de los parlamentos en la agenda clim\u00e1tica. Durante su visita al pa\u00eds, han tenido encuentros con representantes de la Asociaci\u00f3n Paname\u00f1a de Ejecutivos de Empresa y de empresas de dicho pa\u00eds establecidas en el istmo. <\/p>\n<p>Por \u00faltimo, con miras a dinamizar el turismo entre los dos pa\u00edses, la jefa de la diplomacia paname\u00f1a, plante\u00f3 la importancia de que se aumenten las frecuencias \u00e1reas para aerol\u00edneas paname\u00f1as y se flexibilicen los tr\u00e1mites de visado para los ciudadanos de nuestro pa\u00eds. <\/p>\n<p>A la postre, la Viceministra Encargada de Asuntos Multilaterales y Cooperaci\u00f3n Guadalupe Rudy, acompa\u00f1\u00f3 a los parlamentarios a un recorrido por el Centro Log\u00edstico Regional de Asistencia Humanitaria (CLRAH) o &ldquo;Hub Humanitario&rdquo;, el primero de su clase en el hemisferio. Dicho Hub, programado para entrar en operaciones en noviembre del presente a\u00f1o, ser\u00e1 un centro integrado con bodegas e instalaciones de \u00faltima tecnolog\u00eda que albergar\u00e1 a los principales actores internacionales de Asistencia Humanitaria, permitiendo dar una respuesta r\u00e1pida y eficiente a los pa\u00edses de la regi\u00f3n, afectados por desastres debido a fen\u00f3menos naturales o de origen antropog\u00e9nico. <\/p>\n<p>\u00a0 <\/p>\n","protected":false},"excerpt":{"rendered":"<p>La Vicepresidenta y Ministra de Relaciones Exteriores, Isabel De Saint <a href=\"https:\/\/sertv.gob.pa\/nacionalfm\/vicepresidenta-de-panama-recibe-visita-de-parlamentarios-canadienses\/\"> [&#8230;]<\/a><\/p>\n","protected":false},"author":1,"featured_media":31101,"comment_status":"closed","ping_status":"closed","sticky":false,"template":"","format":"standard","meta":{"footnotes":""},"categories":[2],"tags":[],"class_list":["post-31100","post","type-post","status-publish","format-standard","has-post-thumbnail","hentry","category-nacionales"],"_links":{"self":[{"href":"https:\/\/sertv.gob.pa\/nacionalfm\/wp-json\/wp\/v2\/posts\/31100","targetHints":{"allow":["GET"]}}],"collection":[{"href":"https:\/\/sertv.gob.pa\/nacionalfm\/wp-json\/wp\/v2\/posts"}],"about":[{"href":"https:\/\/sertv.gob.pa\/nacionalfm\/wp-json\/wp\/v2\/types\/post"}],"author":[{"embeddable":true,"href":"https:\/\/sertv.gob.pa\/nacionalfm\/wp-json\/wp\/v2\/users\/1"}],"replies":[{"embeddable":true,"href":"https:\/\/sertv.gob.pa\/nacionalfm\/wp-json\/wp\/v2\/comments?post=31100"}],"version-history":[{"count":0,"href":"https:\/\/sertv.gob.pa\/nacionalfm\/wp-json\/wp\/v2\/posts\/31100\/revisions"}],"wp:featuredmedia":[{"embeddable":true,"href":"https:\/\/sertv.gob.pa\/nacionalfm\/wp-json\/wp\/v2\/media\/31101"}],"wp:attachment":[{"href":"https:\/\/sertv.gob.pa\/nacionalfm\/wp-json\/wp\/v2\/media?parent=31100"}],"wp:term":[{"taxonomy":"category","embeddable":true,"href":"https:\/\/sertv.gob.pa\/nacionalfm\/wp-json\/wp\/v2\/categories?post=31100"},{"taxonomy":"post_tag","embeddable":true,"href":"https:\/\/sertv.gob.pa\/nacionalfm\/wp-json\/wp\/v2\/tags?post=31100"}],"curies":[{"name":"wp","href":"https:\/\/api.w.org\/{rel}","templated":true}]}}