{"id":31108,"date":"2018-10-04T19:57:05","date_gmt":"2018-10-04T19:57:05","guid":{"rendered":""},"modified":"2018-10-04T19:57:05","modified_gmt":"2018-10-04T19:57:05","slug":"viceministra-de-trabajo-participa-en-19-reunion-regional-de-la-oit","status":"publish","type":"post","link":"https:\/\/sertv.gob.pa\/nacionalfm\/viceministra-de-trabajo-participa-en-19-reunion-regional-de-la-oit\/","title":{"rendered":"Viceministra de Trabajo, participa en 19\u00aa Reuni\u00f3n Regional de la OIT"},"content":{"rendered":"<p>\nLa Viceministra de Trabajo de Panam\u00e1, Zulphy Santamar\u00eda, asever\u00f3 durante su participaci\u00f3n en la 19\u00aa Reuni\u00f3n Regional Americana de la Organizaci\u00f3n Internacional del Trabajo (OIT), que se debe considerar la reducci\u00f3n de la brecha en la educaci\u00f3n y de la competencia de la mano de obra, como puntos claves para alcanzar el desarrollo productivo de las naciones. <\/p>\n<p>Santamar\u00eda, precis\u00f3, que desde el a\u00f1o 2014 y gracias al acompa\u00f1amiento de la OIT, Panam\u00e1, ha procurado en primer lugar identificar cu\u00e1les son las deficiencias en esta materia y a su vez definir y establecer a trav\u00e9s del di\u00e1logo social, las pol\u00edticas para afrontar estos retos. <\/p>\n<p>&ldquo;Mediante un estudio realizado por los miembros de la Alta Comisi\u00f3n de Empleo instalada en el 2014, se logr\u00f3 identificar las \u00e1reas de la econom\u00eda que presentan mayor crecimiento y aquellas que requerir\u00e1n mano de obra calificada sobre todo en materia t\u00e9cnico vocacional&rdquo;, acot\u00f3 Santamar\u00eda. <\/p>\n<p>Complet\u00f3 al decir, que Panam\u00e1, ha venido efectuando acciones para reducir estas brechas mediante las ferias de empleo, la bolsa electr\u00f3nica y la promoci\u00f3n del empleo juvenil. <\/p>\n<p>Enfatiz\u00f3 que es fundamental la ejecuci\u00f3n de pol\u00edticas dirigidas al empleo juvenil, siendo este sector poblacional quienes ocupar\u00e1n las plazas que traer\u00e1 el futuro del trabajo, y que sin dudas deben acompa\u00f1ar aquellas pol\u00edticas de desarrollo productivo. <\/p>\n<p>En \u00faltimo lugar dijo, que el Estado paname\u00f1o, ha dado importantes pasos en materia de derechos laborales y libertad sindical. <\/p>\n<p>&ldquo;Panam\u00e1, ha registrado significativos avances, entre ellos, que en los \u00faltimos 4 a\u00f1os han sido otorgadas 50 personer\u00edas jur\u00eddicas a nuevos sindicatos, 6 de ellas a organizaciones del Sector P\u00fablico, cifra sin precedentes, en comparaci\u00f3n con las 9 otorgadas en el quinquenio anterior&rdquo;, puntualiz\u00f3. <\/p>\n<p>Las declaraciones de la Viceministra Santamar\u00eda, se dieron durante la presentaci\u00f3n de los comentarios gubernamentales de Panam\u00e1 ante el informe del Director General de la OIT, Guy Ryder. <\/p>\n","protected":false},"excerpt":{"rendered":"<p>La Viceministra de Trabajo de Panam\u00e1, Zulphy Santamar\u00eda, asever\u00f3 durante <a href=\"https:\/\/sertv.gob.pa\/nacionalfm\/viceministra-de-trabajo-participa-en-19-reunion-regional-de-la-oit\/\"> [&#8230;]<\/a><\/p>\n","protected":false},"author":1,"featured_media":31109,"comment_status":"closed","ping_status":"closed","sticky":false,"template":"","format":"standard","meta":{"footnotes":""},"categories":[2],"tags":[],"class_list":["post-31108","post","type-post","status-publish","format-standard","has-post-thumbnail","hentry","category-nacionales"],"_links":{"self":[{"href":"https:\/\/sertv.gob.pa\/nacionalfm\/wp-json\/wp\/v2\/posts\/31108","targetHints":{"allow":["GET"]}}],"collection":[{"href":"https:\/\/sertv.gob.pa\/nacionalfm\/wp-json\/wp\/v2\/posts"}],"about":[{"href":"https:\/\/sertv.gob.pa\/nacionalfm\/wp-json\/wp\/v2\/types\/post"}],"author":[{"embeddable":true,"href":"https:\/\/sertv.gob.pa\/nacionalfm\/wp-json\/wp\/v2\/users\/1"}],"replies":[{"embeddable":true,"href":"https:\/\/sertv.gob.pa\/nacionalfm\/wp-json\/wp\/v2\/comments?post=31108"}],"version-history":[{"count":0,"href":"https:\/\/sertv.gob.pa\/nacionalfm\/wp-json\/wp\/v2\/posts\/31108\/revisions"}],"wp:featuredmedia":[{"embeddable":true,"href":"https:\/\/sertv.gob.pa\/nacionalfm\/wp-json\/wp\/v2\/media\/31109"}],"wp:attachment":[{"href":"https:\/\/sertv.gob.pa\/nacionalfm\/wp-json\/wp\/v2\/media?parent=31108"}],"wp:term":[{"taxonomy":"category","embeddable":true,"href":"https:\/\/sertv.gob.pa\/nacionalfm\/wp-json\/wp\/v2\/categories?post=31108"},{"taxonomy":"post_tag","embeddable":true,"href":"https:\/\/sertv.gob.pa\/nacionalfm\/wp-json\/wp\/v2\/tags?post=31108"}],"curies":[{"name":"wp","href":"https:\/\/api.w.org\/{rel}","templated":true}]}}