{"id":31110,"date":"2018-10-04T20:28:01","date_gmt":"2018-10-04T20:28:01","guid":{"rendered":""},"modified":"2018-10-04T20:28:01","modified_gmt":"2018-10-04T20:28:01","slug":"el-ministerio-de-economia-y-finanzas-presenta-presupuesto-2019","status":"publish","type":"post","link":"https:\/\/sertv.gob.pa\/nacionalfm\/el-ministerio-de-economia-y-finanzas-presenta-presupuesto-2019\/","title":{"rendered":"El Ministerio de Econom\u00eda y Finanzas presenta presupuesto 2019"},"content":{"rendered":"<p>\nUn presupuesto por 771 millones de balboas para\u00a0la entidad, correspondiente a la vigencia fiscal 2019, present\u00f3 recientemente, la ministra de Econom\u00eda y Finanzas (MEF), Eyda Varela de Chinchilla, ante representantes de la Comisi\u00f3n de Presupuesto de la Asamblea Nacional de Diputados, a fin de formular los planes, programas y proyectos que conlleven al desarrollo econ\u00f3mico social y administrativo del pa\u00eds, a corto, mediano y largo plazo.\u00a0 <\/p>\n<p>El presupuesto del 2019, aument\u00f3 en 77 millones de balboas, con respecto al presupuesto de 2018, que fue de 694 millones de balboas.\u00a0 <\/p>\n<p>Para la rectora de las finanzas p\u00fablicas, los incrementos obedecen a los siguientes rubros: servicios personales, transferencias para la cancelaci\u00f3n del Certificados de Pago Negociables de la Segunda Partida del D\u00e9cimo Tercer Mes (CEPADEM), Fondo de Estabilizaci\u00f3n Tarifaria (FET) y Fondo Tarifario de Occidente (FTO),\u00a0inversi\u00f3n y pago de compromisos ante organismos internacionales como el Banco Centroamericano de Integraci\u00f3n Econ\u00f3mica (BCIE).\u00a0 <\/p>\n<p>La instituci\u00f3n, trabajar\u00e1 con un presupuesto de funcionamiento de 628 millones de balboas y 142 millones de balboas para inversi\u00f3n.\u00a0 <\/p>\n<p>Al respecto, la ministra Varela de Chinchilla, se\u00f1al\u00f3, que entre los objetivos institucionales para el 2019, est\u00e1n el cumplir las metas fiscales de acuerdo a lo establecido en la Ley de Responsabilidad Social Fiscal, obtener la recaudaci\u00f3n de los ingresos fiscales acorde a los establecido en el presupuesto, participar en la formulaci\u00f3n, funcionamiento, promoci\u00f3n, ejecuci\u00f3n y seguimiento de los proyectos de inversi\u00f3n, formular y proponer pol\u00edticas p\u00fablicas que permitan elevar las condiciones de vida de los ciudadanos y obtener los recursos necesarios para la ejecuci\u00f3n del presupuesto, concluy\u00f3, Chichilla. <\/p>\n","protected":false},"excerpt":{"rendered":"<p>Un presupuesto por 771 millones de balboas para\u00a0la entidad, correspondiente <a href=\"https:\/\/sertv.gob.pa\/nacionalfm\/el-ministerio-de-economia-y-finanzas-presenta-presupuesto-2019\/\"> [&#8230;]<\/a><\/p>\n","protected":false},"author":1,"featured_media":31111,"comment_status":"closed","ping_status":"closed","sticky":false,"template":"","format":"standard","meta":{"footnotes":""},"categories":[2],"tags":[],"class_list":["post-31110","post","type-post","status-publish","format-standard","has-post-thumbnail","hentry","category-nacionales"],"_links":{"self":[{"href":"https:\/\/sertv.gob.pa\/nacionalfm\/wp-json\/wp\/v2\/posts\/31110","targetHints":{"allow":["GET"]}}],"collection":[{"href":"https:\/\/sertv.gob.pa\/nacionalfm\/wp-json\/wp\/v2\/posts"}],"about":[{"href":"https:\/\/sertv.gob.pa\/nacionalfm\/wp-json\/wp\/v2\/types\/post"}],"author":[{"embeddable":true,"href":"https:\/\/sertv.gob.pa\/nacionalfm\/wp-json\/wp\/v2\/users\/1"}],"replies":[{"embeddable":true,"href":"https:\/\/sertv.gob.pa\/nacionalfm\/wp-json\/wp\/v2\/comments?post=31110"}],"version-history":[{"count":0,"href":"https:\/\/sertv.gob.pa\/nacionalfm\/wp-json\/wp\/v2\/posts\/31110\/revisions"}],"wp:featuredmedia":[{"embeddable":true,"href":"https:\/\/sertv.gob.pa\/nacionalfm\/wp-json\/wp\/v2\/media\/31111"}],"wp:attachment":[{"href":"https:\/\/sertv.gob.pa\/nacionalfm\/wp-json\/wp\/v2\/media?parent=31110"}],"wp:term":[{"taxonomy":"category","embeddable":true,"href":"https:\/\/sertv.gob.pa\/nacionalfm\/wp-json\/wp\/v2\/categories?post=31110"},{"taxonomy":"post_tag","embeddable":true,"href":"https:\/\/sertv.gob.pa\/nacionalfm\/wp-json\/wp\/v2\/tags?post=31110"}],"curies":[{"name":"wp","href":"https:\/\/api.w.org\/{rel}","templated":true}]}}