{"id":31118,"date":"2018-10-05T14:26:21","date_gmt":"2018-10-05T14:26:21","guid":{"rendered":""},"modified":"2018-10-05T14:26:21","modified_gmt":"2018-10-05T14:26:21","slug":"profesionales-panamenos-podrian-entrar-en-agencias-del-sistema-de-las-nu","status":"publish","type":"post","link":"https:\/\/sertv.gob.pa\/nacionalfm\/profesionales-panamenos-podrian-entrar-en-agencias-del-sistema-de-las-nu\/","title":{"rendered":"Profesionales paname\u00f1os podr\u00edan entrar en agencias del Sistema de las NU"},"content":{"rendered":"<p>\nLa Vicepresidenta y Canciller, Isabel De Saint Malo de Alvarado, recibi\u00f3 en su despacho al Coordinador Ejecutivo de Voluntarios de las Naciones Unidas (UNV por sus siglas en ingl\u00e9s), Olivier Adam y a la Gerente Regional para Am\u00e9rica Latina y el Caribe, Lita Paparoni, quienes expresaron su reconocimiento y agradecimiento por el compromiso del gobierno paname\u00f1o con el Sistema de las Naciones Unidas y los esfuerzos efectuados por la administraci\u00f3n del Presidente Juan Carlos Varela de cara al cumplimiento de los Objetivos de Desarrollo Sostenible (ODS). <\/p>\n<p>Como resultado del encuentro, los diplom\u00e1ticos convinieron explorar la posibilidad de un acuerdo que permita a profesionales paname\u00f1os entrar como voluntarios en agencias del Sistema de las Naciones Unidas. Esto se anexa a los esfuerzos de la administraci\u00f3n del Presidente Varela y la Canciller De Saint Malo de Alvarado para promover una mayor participaci\u00f3n de ciudadanos paname\u00f1os en organismos multilaterales, lo que se ha visto reflejado en los nombramientos de profesionales paname\u00f1as en cargos de alto nivel como es el caso de Natalia Kanem, Directora Ejecutiva del Fondo de Poblaci\u00f3n de las Naciones Unidas (UNFPA); Laura Flores, Directora de las Am\u00e9ricas del Departamento de Asuntos Pol\u00edticos (DPA) de la ONU; Esmeralda de Troiti\u00f1o, Comisionada Integrante de la Comisi\u00f3n Interamericana de Derechos Humanos y Farah Diva Urrutia, Secretaria de Seguridad Multidimensional de la Organizaci\u00f3n de los Estados Americanos (OEA). <\/p>\n<p>Entretanto, la Ministra de Relaciones Exteriores, valor\u00f3 la decisi\u00f3n del sistema de las Naciones Unidas, de establecer sus agencias regionales en Panam\u00e1, aprovechando las ventajas estrat\u00e9gicas que brinda el pa\u00eds con su conectividad a\u00e9rea, el canal ampliado y posici\u00f3n ventajosa en la regi\u00f3n. En esta l\u00ednea, recalc\u00f3 el valor del Centro Log\u00edstico Regional de Asistencia Humanitaria (CLRAH), un proyecto del Gobierno de la Rep\u00fablica de Panam\u00e1, que al entrar en operaciones en noviembre de 2018, permitir\u00e1 el env\u00edo oportuno y eficiente de asistencia humanitaria a los pa\u00edses de la regi\u00f3n afectados por desastres. En ese tenor, mencion\u00f3 que este Hub Humanitario, que cuenta entre sus usuarios el Dep\u00f3sito de las Naciones Unidas de Respuesta Humanitaria (UNHRD), ser\u00e1 muy importante para las acciones de UN Volunteers in Panam\u00e1. <\/p>\n<p>UN Volunteers, est\u00e1 ligada al ODS 17 &ldquo;Alianzas para lograr Objetivos&rdquo; y su funcionamiento est\u00e1 basado en tres pilares: la movilizaci\u00f3n de voluntarios para permitir que cada vez m\u00e1s personas se involucren directamente en asuntos humanitarios, de consolidaci\u00f3n de la paz y de recuperaci\u00f3n tras los conflictos, as\u00ed como en el trabajo de las Naciones Unidas a favor del desarrollo sostenible y la erradicaci\u00f3n de la pobreza; promoci\u00f3n del voluntariado y el compromiso c\u00edvico a favor de la paz y el desarrollo; y la b\u00fasqueda de la integraci\u00f3n del voluntariado en la pol\u00edtica, el ordenamiento jur\u00eddico y la programaci\u00f3n adem\u00e1s de cumplir los objetivos de desarrollo acordados internacionalmente. <\/p>\n","protected":false},"excerpt":{"rendered":"<p>La Vicepresidenta y Canciller, Isabel De Saint Malo de Alvarado, <a href=\"https:\/\/sertv.gob.pa\/nacionalfm\/profesionales-panamenos-podrian-entrar-en-agencias-del-sistema-de-las-nu\/\"> [&#8230;]<\/a><\/p>\n","protected":false},"author":1,"featured_media":31119,"comment_status":"closed","ping_status":"closed","sticky":false,"template":"","format":"standard","meta":{"footnotes":""},"categories":[2],"tags":[],"class_list":["post-31118","post","type-post","status-publish","format-standard","has-post-thumbnail","hentry","category-nacionales"],"_links":{"self":[{"href":"https:\/\/sertv.gob.pa\/nacionalfm\/wp-json\/wp\/v2\/posts\/31118","targetHints":{"allow":["GET"]}}],"collection":[{"href":"https:\/\/sertv.gob.pa\/nacionalfm\/wp-json\/wp\/v2\/posts"}],"about":[{"href":"https:\/\/sertv.gob.pa\/nacionalfm\/wp-json\/wp\/v2\/types\/post"}],"author":[{"embeddable":true,"href":"https:\/\/sertv.gob.pa\/nacionalfm\/wp-json\/wp\/v2\/users\/1"}],"replies":[{"embeddable":true,"href":"https:\/\/sertv.gob.pa\/nacionalfm\/wp-json\/wp\/v2\/comments?post=31118"}],"version-history":[{"count":0,"href":"https:\/\/sertv.gob.pa\/nacionalfm\/wp-json\/wp\/v2\/posts\/31118\/revisions"}],"wp:featuredmedia":[{"embeddable":true,"href":"https:\/\/sertv.gob.pa\/nacionalfm\/wp-json\/wp\/v2\/media\/31119"}],"wp:attachment":[{"href":"https:\/\/sertv.gob.pa\/nacionalfm\/wp-json\/wp\/v2\/media?parent=31118"}],"wp:term":[{"taxonomy":"category","embeddable":true,"href":"https:\/\/sertv.gob.pa\/nacionalfm\/wp-json\/wp\/v2\/categories?post=31118"},{"taxonomy":"post_tag","embeddable":true,"href":"https:\/\/sertv.gob.pa\/nacionalfm\/wp-json\/wp\/v2\/tags?post=31118"}],"curies":[{"name":"wp","href":"https:\/\/api.w.org\/{rel}","templated":true}]}}