{"id":31120,"date":"2018-10-05T15:07:34","date_gmt":"2018-10-05T15:07:34","guid":{"rendered":""},"modified":"2018-10-05T15:07:34","modified_gmt":"2018-10-05T15:07:34","slug":"panama-comparte-con-35-paises-para-alcanzar-equidad-salarial-entre-otros","status":"publish","type":"post","link":"https:\/\/sertv.gob.pa\/nacionalfm\/panama-comparte-con-35-paises-para-alcanzar-equidad-salarial-entre-otros\/","title":{"rendered":"Panam\u00e1 comparte con 35 pa\u00edses para alcanzar equidad salarial, entre otros"},"content":{"rendered":"<p>\n&ldquo;Garantizar la oportuna inclusi\u00f3n al desarrollo, es tarea de todos, tanto de los gobiernos como de las empresas&rdquo;, sentenci\u00f3 la Vicepresidenta y Canciller durante su intervenci\u00f3n el jueves, 4 de octubre, \u00a0en la\u00a0 sesi\u00f3n informativa sobre la Reducci\u00f3n de la brecha salarial y otras brechas de g\u00e9nero en el marco de la Agenda 2030 para el Desarrollo Sostenible, que se desarroll\u00f3 en el marco de la 19\u00b0 Reuni\u00f3n Regional Americana de la OIT. <\/p>\n<p>La diplom\u00e1tica, comparti\u00f3 con el auditorio las iniciativas que ha adoptado Panam\u00e1, a fin de contribuir con la agenda global de desarrollo, y particularmente reducir la brecha salarial.\u00a0 <\/p>\n<p>Enfatiz\u00f3, as\u00ed, el lanzamiento del Sello de Igualdad que busca garantizar que las condiciones laborales sean equitativas entre hombres y mujeres dentro de las compa\u00f1\u00edas; la aprobaci\u00f3n de la Ley 56 del 2017 que establece la participaci\u00f3n del 30% de mujeres como m\u00ednimo en las juntas directivas estatales y mixtas, incluidos los sectores de la Banca, Seguros y Valores. <\/p>\n<p>Sumado a lo anterior, Panam\u00e1, lanz\u00f3 la Iniciativa de Paridad de G\u00e9nero, de la mano del Banco Interamericano de Desarrollo (BID), y un grupo de aliados estrat\u00e9gicos, entre ellos la OIT y para suministrar a esta iniciativa de respaldo legal, se cre\u00f3 el Consejo Nacional por la Paridad de G\u00e9nero. <\/p>\n<p>Destac\u00f3 que Panam\u00e1, fue el primero en la regi\u00f3n en formar parte de la Coalici\u00f3n Internacional a favor de la Igualdad de Remuneraci\u00f3n (EPIC), lanzado a inicios de este a\u00f1o la iniciativa de Equidad Salarial para Am\u00e9rica Latina y el Caribe; aunado a esto, el pa\u00eds fue sede de la Conferencia Regional &ldquo;Igualdad Remunerativa entre hombres y mujeres para econom\u00edas m\u00e1s pr\u00f3speras e inclusivas, espacio en el cual se discuti\u00f3 entre actores nacionales e internacionales las formas de combatir la brecha econ\u00f3mica de g\u00e9nero. <\/p>\n<p>En la actualidad, se trabaja en la reglamentaci\u00f3n de la &ldquo;Ley de Oportunidades para las Mujeres&rdquo; respecto a la legislaci\u00f3n espec\u00edfica sobre equidad salarial y a partir del pr\u00f3ximo a\u00f1o conmemoraremos el 23 de mayo como D\u00eda Regional de la Igualdad de Remuneraci\u00f3n, siendo esta fecha cuando entr\u00f3 en vigor el Convenio 100 de la OIT. <\/p>\n<p>La Vicepresidenta, concluy\u00f3 su mediaci\u00f3n con un llamado a los pa\u00edses y empresarios, para que implementen acciones concretas para alcanzar el cumplimiento de la agenda 2030, incluyendo la igualdad de remuneraci\u00f3n. Les anim\u00f3 adem\u00e1s a sumarse a la coalici\u00f3n internacional a favor de la igualdad de remuneraci\u00f3n (EPIC). <\/p>\n<p>La sesi\u00f3n del jueves, tambi\u00e9n cont\u00f3 con la participaci\u00f3n de Rakesh Patry, Director General de Asuntos Laborales Internacionales e Intergubernamentales, Empleo y Desarrollo social de Canad\u00e1, quien comparti\u00f3 sobre los compromisos que ha asumido su pa\u00eds al unirse a la iniciativa EPIC, as\u00ed como los pasos que han dado a fin de aminorar las brechas entre los g\u00e9neros. <\/p>\n<p>La 19\u00b0 Reuni\u00f3n Regional Americana de la OIT re\u00fane a ministros del Trabajo, representantes de gobiernos y dirigentes de organizaciones sindicales y empresariales de Am\u00e9rica Latina, el Caribe, Canad\u00e1 y los Estados Unidos.\u00a0 <\/p>\n","protected":false},"excerpt":{"rendered":"<p>&ldquo;Garantizar la oportuna inclusi\u00f3n al desarrollo, es tarea de todos, <a href=\"https:\/\/sertv.gob.pa\/nacionalfm\/panama-comparte-con-35-paises-para-alcanzar-equidad-salarial-entre-otros\/\"> [&#8230;]<\/a><\/p>\n","protected":false},"author":1,"featured_media":31121,"comment_status":"closed","ping_status":"closed","sticky":false,"template":"","format":"standard","meta":{"footnotes":""},"categories":[2],"tags":[],"class_list":["post-31120","post","type-post","status-publish","format-standard","has-post-thumbnail","hentry","category-nacionales"],"_links":{"self":[{"href":"https:\/\/sertv.gob.pa\/nacionalfm\/wp-json\/wp\/v2\/posts\/31120","targetHints":{"allow":["GET"]}}],"collection":[{"href":"https:\/\/sertv.gob.pa\/nacionalfm\/wp-json\/wp\/v2\/posts"}],"about":[{"href":"https:\/\/sertv.gob.pa\/nacionalfm\/wp-json\/wp\/v2\/types\/post"}],"author":[{"embeddable":true,"href":"https:\/\/sertv.gob.pa\/nacionalfm\/wp-json\/wp\/v2\/users\/1"}],"replies":[{"embeddable":true,"href":"https:\/\/sertv.gob.pa\/nacionalfm\/wp-json\/wp\/v2\/comments?post=31120"}],"version-history":[{"count":0,"href":"https:\/\/sertv.gob.pa\/nacionalfm\/wp-json\/wp\/v2\/posts\/31120\/revisions"}],"wp:featuredmedia":[{"embeddable":true,"href":"https:\/\/sertv.gob.pa\/nacionalfm\/wp-json\/wp\/v2\/media\/31121"}],"wp:attachment":[{"href":"https:\/\/sertv.gob.pa\/nacionalfm\/wp-json\/wp\/v2\/media?parent=31120"}],"wp:term":[{"taxonomy":"category","embeddable":true,"href":"https:\/\/sertv.gob.pa\/nacionalfm\/wp-json\/wp\/v2\/categories?post=31120"},{"taxonomy":"post_tag","embeddable":true,"href":"https:\/\/sertv.gob.pa\/nacionalfm\/wp-json\/wp\/v2\/tags?post=31120"}],"curies":[{"name":"wp","href":"https:\/\/api.w.org\/{rel}","templated":true}]}}