{"id":31122,"date":"2018-10-05T15:26:25","date_gmt":"2018-10-05T15:26:25","guid":{"rendered":""},"modified":"2018-10-05T15:26:25","modified_gmt":"2018-10-05T15:26:25","slug":"declaracion-final-de-la-mision-del-fondo-monetario-internacional","status":"publish","type":"post","link":"https:\/\/sertv.gob.pa\/nacionalfm\/declaracion-final-de-la-mision-del-fondo-monetario-internacional\/","title":{"rendered":"Declaraci\u00f3n Final de la Misi\u00f3n del Fondo Monetario Internacional"},"content":{"rendered":"<p>\nEn la declaraci\u00f3n final de su misi\u00f3n a Panam\u00e1, sobre el Art\u00edculo IV, el Fondo Monetario Internacional (FMI), sostiene que Panam\u00e1, continuar\u00e1 siendo una de las econom\u00edas m\u00e1s din\u00e1micas de Am\u00e9rica Latina, encaminada a un repunte en el corto plazo. Alejandro Santos, jefe de la misi\u00f3n del FMI, destac\u00f3 del informe, &ldquo;que las pol\u00edticas p\u00fablicas deben tener como objetivo mantener las condiciones para un crecimiento sostenido conservando la ventaja competitiva de Panam\u00e1 como un destino atractivo para los negocios&rdquo;.\u00a0 <\/p>\n<p>En ese contexto, la ministra de Econom\u00eda y Finanzas (MEF), Eyda Varela de Chinchilla, se\u00f1al\u00f3, que &ldquo;el Gobierno Nacional mantiene su prop\u00f3sito de buscar el fortalecimiento institucional y la transparencia. Las recomendaciones del FMI ya se est\u00e1n poniendo en pr\u00e1ctica por el MEF&rdquo;. Ya se han iniciado los procesos para: <\/p>\n<p>Fortalecer la Ley de Responsabilidad Social Fiscal y el Fondo de Ahorro de Panam\u00e1. Se ha establecido el valor num\u00e9rico de la regla fiscal sobre el SPNF en 2.0% del PIB para el 2018, 1.75% para el 2019 y 2020 y 1.5% del 2021 en adelante. Sobre el particular, el FMI sostiene que un &ldquo;d\u00e9ficit de 2% contribuye a activar la econom\u00eda. La idea es que sea de una sola vez, no recurrente y que forme parte de una pol\u00edtica adecuada, contribuir\u00e1 a nivelar la econom\u00eda nacional&rdquo;, revel\u00f3 Santos.\u00a0 <\/p>\n<p>Acentuar los esfuerzos para mejorar a\u00fan m\u00e1s la transparencia tributaria y el intercambio de informaci\u00f3n. Se han emprendido acciones para compartir la informaci\u00f3n tributaria en mayor abundancia y con m\u00e1s oportunidad conforme al est\u00e1ndar internacional. Como es de su conocimiento, la DGI acaba de culminar un importante intercambio de informaci\u00f3n.\u00a0 <\/p>\n<p>Emprender la implementaci\u00f3n efectiva del marco AML\/CFT, la cual debe seguir siendo prioridad. El MEF sigue dando los pasos en la direcci\u00f3n correcta para el combate de las pr\u00e1cticas del Blanqueo de Capitales y Financiamiento del Terrorismo. Como un precedente, recientemente en la Asamblea Nacional se present\u00f3 el proyecto de Ley que crea el C\u00f3digo Tributario, mientras se contin\u00faan los avances para la tipificaci\u00f3n del delito fiscal.\u00a0 <\/p>\n<p>Avanzar en el establecimiento de un Consejo Fiscal como una medida que fomentar\u00e1 a\u00fan m\u00e1s la rendici\u00f3n de cuentas y ayudar\u00e1 a nutrir un debate p\u00fablico informado sobre la pol\u00edtica fiscal. <\/p>\n<p>Fortalecer la administraci\u00f3n de los ingresos. Hemos mejorado los controles de procesos y recolecci\u00f3n y gesti\u00f3n de datos. Adem\u00e1s de las iniciativas para modernizar la administraci\u00f3n tributaria.\u00a0 <\/p>\n<p>En resumen, las acciones del Gobierno Nacional, seguir\u00e1n estando orientadas a fomentar la transparencia de nuestras instituciones, dentro de un marco fiscal responsable que permita generar el impulso econ\u00f3mico que requieren los sectores productivos. Mientras, a pesar de la ralentizaci\u00f3n de la regi\u00f3n, Panam\u00e1, se mantiene como una de las econom\u00edas m\u00e1s din\u00e1micas, con una deuda responsable y pr\u00e1cticamente el d\u00e9ficit fiscal m\u00e1s bajo de la regi\u00f3n. <\/p>\n","protected":false},"excerpt":{"rendered":"<p>En la declaraci\u00f3n final de su misi\u00f3n a Panam\u00e1, sobre <a href=\"https:\/\/sertv.gob.pa\/nacionalfm\/declaracion-final-de-la-mision-del-fondo-monetario-internacional\/\"> [&#8230;]<\/a><\/p>\n","protected":false},"author":1,"featured_media":31123,"comment_status":"closed","ping_status":"closed","sticky":false,"template":"","format":"standard","meta":{"footnotes":""},"categories":[2],"tags":[],"class_list":["post-31122","post","type-post","status-publish","format-standard","has-post-thumbnail","hentry","category-nacionales"],"_links":{"self":[{"href":"https:\/\/sertv.gob.pa\/nacionalfm\/wp-json\/wp\/v2\/posts\/31122","targetHints":{"allow":["GET"]}}],"collection":[{"href":"https:\/\/sertv.gob.pa\/nacionalfm\/wp-json\/wp\/v2\/posts"}],"about":[{"href":"https:\/\/sertv.gob.pa\/nacionalfm\/wp-json\/wp\/v2\/types\/post"}],"author":[{"embeddable":true,"href":"https:\/\/sertv.gob.pa\/nacionalfm\/wp-json\/wp\/v2\/users\/1"}],"replies":[{"embeddable":true,"href":"https:\/\/sertv.gob.pa\/nacionalfm\/wp-json\/wp\/v2\/comments?post=31122"}],"version-history":[{"count":0,"href":"https:\/\/sertv.gob.pa\/nacionalfm\/wp-json\/wp\/v2\/posts\/31122\/revisions"}],"wp:featuredmedia":[{"embeddable":true,"href":"https:\/\/sertv.gob.pa\/nacionalfm\/wp-json\/wp\/v2\/media\/31123"}],"wp:attachment":[{"href":"https:\/\/sertv.gob.pa\/nacionalfm\/wp-json\/wp\/v2\/media?parent=31122"}],"wp:term":[{"taxonomy":"category","embeddable":true,"href":"https:\/\/sertv.gob.pa\/nacionalfm\/wp-json\/wp\/v2\/categories?post=31122"},{"taxonomy":"post_tag","embeddable":true,"href":"https:\/\/sertv.gob.pa\/nacionalfm\/wp-json\/wp\/v2\/tags?post=31122"}],"curies":[{"name":"wp","href":"https:\/\/api.w.org\/{rel}","templated":true}]}}