{"id":31124,"date":"2018-10-05T16:10:50","date_gmt":"2018-10-05T16:10:50","guid":{"rendered":""},"modified":"2018-10-05T16:10:50","modified_gmt":"2018-10-05T16:10:50","slug":"viceministro-de-trabajo-del-peru-visito-sede-y-autoridades-del-mitradel","status":"publish","type":"post","link":"https:\/\/sertv.gob.pa\/nacionalfm\/viceministro-de-trabajo-del-peru-visito-sede-y-autoridades-del-mitradel\/","title":{"rendered":"Viceministro de Trabajo del Per\u00fa visit\u00f3 sede y autoridades del MITRADEL"},"content":{"rendered":"<p>\nUna delegaci\u00f3n del Ministerio de Trabajo y Promoci\u00f3n del Empleo del Per\u00fa, que participa en la 19\u00aa Reuni\u00f3n Regional Americana de la Organizaci\u00f3n Internacional del Trabajo (OIT), que se celebra en Panam\u00e1, efectu\u00f3 una visita de cortes\u00eda al Ministerio de Trabajo y Desarrollo Laboral (MITRADEL), a fin de conocer sobre el funcionamiento de la Direcci\u00f3n Nacional de Empleo y sus diversos programas. <\/p>\n<p>La delegaci\u00f3n compuesta por el Viceministro Italo M\u00f3rtola Flores, Johan Otoya Calle, Jefe del Gabinete de Asesores y Ra\u00fal Eduardo Mauro Machuca, Director General de Promoci\u00f3n del Empleo, fue atendida por la Viceministra de Trabajo y Desarrollo Laboral, Zulphy Santamar\u00eda, junto al Director Nacional de Empleo, Hernando Rodr\u00edguez. <\/p>\n<p>Despu\u00e9s del recorrido, el Viceministro peruano de Trabajo, coment\u00f3 estar gratamente sorprendido que Panam\u00e1, haya logrado un nivel de eficiencia envidiable y reconoci\u00f3 que los planes para implementar nuevos servicios est\u00e1n muy bien enfocados. <\/p>\n<p>Sobre su participaci\u00f3n en la 19\u00aa RRA, destac\u00f3 la calidad de los temas tratados en lo que va del evento y la excelente organizaci\u00f3n del mismo. <\/p>\n<p>Por su parte, la Viceministra Santamar\u00eda, acot\u00f3, que mostr\u00f3 a los distinguidos visitantes de la hermana Rep\u00fablica del Per\u00fa, todo lo que ha sido la transformaci\u00f3n de la Direcci\u00f3n Nacional de Empleo que es pr\u00e1cticamente una de las fortalezas del Ministerio de Trabajo, donde esta administraci\u00f3n ha desarrollado la parte laboral y la parte de empleabilidad, lo cual ha tenido resultados satisfactorios y visibles en beneficio del sector empleador y de los buscadores de empleo del pa\u00eds. <\/p>\n","protected":false},"excerpt":{"rendered":"<p>Una delegaci\u00f3n del Ministerio de Trabajo y Promoci\u00f3n del Empleo <a href=\"https:\/\/sertv.gob.pa\/nacionalfm\/viceministro-de-trabajo-del-peru-visito-sede-y-autoridades-del-mitradel\/\"> [&#8230;]<\/a><\/p>\n","protected":false},"author":1,"featured_media":31125,"comment_status":"closed","ping_status":"closed","sticky":false,"template":"","format":"standard","meta":{"footnotes":""},"categories":[2],"tags":[],"class_list":["post-31124","post","type-post","status-publish","format-standard","has-post-thumbnail","hentry","category-nacionales"],"_links":{"self":[{"href":"https:\/\/sertv.gob.pa\/nacionalfm\/wp-json\/wp\/v2\/posts\/31124","targetHints":{"allow":["GET"]}}],"collection":[{"href":"https:\/\/sertv.gob.pa\/nacionalfm\/wp-json\/wp\/v2\/posts"}],"about":[{"href":"https:\/\/sertv.gob.pa\/nacionalfm\/wp-json\/wp\/v2\/types\/post"}],"author":[{"embeddable":true,"href":"https:\/\/sertv.gob.pa\/nacionalfm\/wp-json\/wp\/v2\/users\/1"}],"replies":[{"embeddable":true,"href":"https:\/\/sertv.gob.pa\/nacionalfm\/wp-json\/wp\/v2\/comments?post=31124"}],"version-history":[{"count":0,"href":"https:\/\/sertv.gob.pa\/nacionalfm\/wp-json\/wp\/v2\/posts\/31124\/revisions"}],"wp:featuredmedia":[{"embeddable":true,"href":"https:\/\/sertv.gob.pa\/nacionalfm\/wp-json\/wp\/v2\/media\/31125"}],"wp:attachment":[{"href":"https:\/\/sertv.gob.pa\/nacionalfm\/wp-json\/wp\/v2\/media?parent=31124"}],"wp:term":[{"taxonomy":"category","embeddable":true,"href":"https:\/\/sertv.gob.pa\/nacionalfm\/wp-json\/wp\/v2\/categories?post=31124"},{"taxonomy":"post_tag","embeddable":true,"href":"https:\/\/sertv.gob.pa\/nacionalfm\/wp-json\/wp\/v2\/tags?post=31124"}],"curies":[{"name":"wp","href":"https:\/\/api.w.org\/{rel}","templated":true}]}}