{"id":31126,"date":"2018-10-05T16:44:47","date_gmt":"2018-10-05T16:44:47","guid":{"rendered":""},"modified":"2018-10-05T16:44:47","modified_gmt":"2018-10-05T16:44:47","slug":"mitradel-presente-en-inauguracion-del-xv-congreso-ordinario-de-la-fat","status":"publish","type":"post","link":"https:\/\/sertv.gob.pa\/nacionalfm\/mitradel-presente-en-inauguracion-del-xv-congreso-ordinario-de-la-fat\/","title":{"rendered":"MITRADEL presente en inauguraci\u00f3n del XV Congreso Ordinario de la FAT"},"content":{"rendered":"<p>\nEl Secretario General del Ministerio de Trabajo y Desarrollo Laboral (MITRADEL), Alfonso Rosas, particip\u00f3 reci\u00e9n \u00a0de la inauguraci\u00f3n del XV Congreso Ordinario de la Federaci\u00f3n Aut\u00e9ntica de Trabajadores (FAT). <\/p>\n<p>Durante su intervenci\u00f3n, el Secretario General, manifest\u00f3, que la actual administraci\u00f3n del MITRADEL, ha apostado a la fortificaci\u00f3n del di\u00e1logo social como m\u00e9todo efectivo para la resoluci\u00f3n de conflictos. Subray\u00f3, que gracias al di\u00e1logo tripartito se ha conseguido mantener en el pa\u00eds un clima de paz laboral. <\/p>\n<p>&ldquo;Reiteramos nuestro compromiso con la libertad sindical reconociendo y otorgando en estos cuatro a\u00f1os m\u00e1s de 40 personer\u00edas jur\u00eddicas&rdquo;, puntualiz\u00f3. <\/p>\n<p>En conclusi\u00f3n, expres\u00f3, que mediante la formaci\u00f3n y capacitaci\u00f3n permanente (diplomados, maestr\u00edas y licenciaturas) se ha beneficiado a cientos de trabajadores afiliados a las diferentes organizaciones sociales a nivel nacional&rdquo;, agreg\u00f3 Rosas. <\/p>\n","protected":false},"excerpt":{"rendered":"<p>El Secretario General del Ministerio de Trabajo y Desarrollo Laboral <a href=\"https:\/\/sertv.gob.pa\/nacionalfm\/mitradel-presente-en-inauguracion-del-xv-congreso-ordinario-de-la-fat\/\"> [&#8230;]<\/a><\/p>\n","protected":false},"author":1,"featured_media":31127,"comment_status":"closed","ping_status":"closed","sticky":false,"template":"","format":"standard","meta":{"footnotes":""},"categories":[2],"tags":[],"class_list":["post-31126","post","type-post","status-publish","format-standard","has-post-thumbnail","hentry","category-nacionales"],"_links":{"self":[{"href":"https:\/\/sertv.gob.pa\/nacionalfm\/wp-json\/wp\/v2\/posts\/31126","targetHints":{"allow":["GET"]}}],"collection":[{"href":"https:\/\/sertv.gob.pa\/nacionalfm\/wp-json\/wp\/v2\/posts"}],"about":[{"href":"https:\/\/sertv.gob.pa\/nacionalfm\/wp-json\/wp\/v2\/types\/post"}],"author":[{"embeddable":true,"href":"https:\/\/sertv.gob.pa\/nacionalfm\/wp-json\/wp\/v2\/users\/1"}],"replies":[{"embeddable":true,"href":"https:\/\/sertv.gob.pa\/nacionalfm\/wp-json\/wp\/v2\/comments?post=31126"}],"version-history":[{"count":0,"href":"https:\/\/sertv.gob.pa\/nacionalfm\/wp-json\/wp\/v2\/posts\/31126\/revisions"}],"wp:featuredmedia":[{"embeddable":true,"href":"https:\/\/sertv.gob.pa\/nacionalfm\/wp-json\/wp\/v2\/media\/31127"}],"wp:attachment":[{"href":"https:\/\/sertv.gob.pa\/nacionalfm\/wp-json\/wp\/v2\/media?parent=31126"}],"wp:term":[{"taxonomy":"category","embeddable":true,"href":"https:\/\/sertv.gob.pa\/nacionalfm\/wp-json\/wp\/v2\/categories?post=31126"},{"taxonomy":"post_tag","embeddable":true,"href":"https:\/\/sertv.gob.pa\/nacionalfm\/wp-json\/wp\/v2\/tags?post=31126"}],"curies":[{"name":"wp","href":"https:\/\/api.w.org\/{rel}","templated":true}]}}