{"id":31136,"date":"2018-10-05T20:39:31","date_gmt":"2018-10-05T20:39:31","guid":{"rendered":""},"modified":"2018-10-05T20:39:31","modified_gmt":"2018-10-05T20:39:31","slug":"panama-expone-en-la-unesco-sus-aportes-como-puente-entre-culturas","status":"publish","type":"post","link":"https:\/\/sertv.gob.pa\/nacionalfm\/panama-expone-en-la-unesco-sus-aportes-como-puente-entre-culturas\/","title":{"rendered":"Panam\u00e1 expone en la UNESCO sus aportes como puente entre culturas"},"content":{"rendered":"<p>\nEn la exposici\u00f3n \u00a0&ldquo;Panam\u00e1: Conectando Culturas para el Desarrollo Sostenible&rdquo;, que ser\u00e1 inaugurada \u00a0el 8 de octubre por la Vicepresidenta y Ministra de Relaciones Exteriores, Isabel De Saint Malo de Alvarado, \u00a0en la sede de la \u00a0Organizaci\u00f3n de las Naciones Unidas para la Educaci\u00f3n, la Ciencia y la Cultura (UNESCO), \u00a0\u00a0en Par\u00eds, Francia; el pa\u00eds compartir\u00e1 \u00a0con el mundo \u00a0los avances en \u00a0temas claves de \u00a0la agenda de desarrollo como la educaci\u00f3n, biodiversidad, la interculturalidad y el patrimonio hist\u00f3rico. <\/p>\n<p>&ldquo;Esta vitrina \u00fanica\u00a0presentar\u00e1 m\u00e1s de 40 muestras videogr\u00e1ficas sobre los acuerdos y convenios establecidos en materia de turismo,\u00a0 rutas coloniales,\u00a0 diversidad cultural de los pueblos originarios,\u00a0 el agua como recurso, la ampliaci\u00f3n del Canal, el proyecto Agua Salud, la riqueza biol\u00f3gica; as\u00ed como las iniciativas nacionales en materia de ciencia y tecnolog\u00eda y\u00a0 en el \u00e1mbito diplom\u00e1tico como \u00a0el programa Panam\u00e1 Coopera, que \u00a0muestran el compromiso del pa\u00eds frente a temas clave de la agenda de desarrollo&rdquo;, \u00a0apunt\u00f3 la Directora de Cooperaci\u00f3n Internacional de la Canciller\u00eda de Panam\u00e1, Selina Ba\u00f1os. <\/p>\n<p>\u00a0El evento, que se desarrollar\u00e1 hasta el 19 de octubre de 2018, \u00a0\u00a0incluye la presentaci\u00f3n del grupo musical &ldquo;Afrodis\u00edaco&rdquo;, recientemente nominado al Grammy Latino; adem\u00e1s, una degustaci\u00f3n completa de la gastronom\u00eda paname\u00f1a por el Chef Isaac Villaverde y de Caf\u00e9 Geisha, de la mano del reconocido Chef internacional Mario Castrell\u00f3n en compa\u00f1\u00eda de Alberto Berm\u00fadez, barista de Caf\u00e9 Unido. <\/p>\n<p>Los visitantes, podr\u00e1n apreciar la exhibici\u00f3n de vestimentas y la cultura\u00a0 de los pueblos abor\u00edgenes,\u00a0 de m\u00e1scaras de Diablicos sucios,\u00a0el Sombrero Pintao, inscrito en la lista del\u00a0Patrimonio Cultural Inmaterial en 2017,\u00a0y un punto de lectura con obras editadas por \u00a0instituciones paname\u00f1as sobre la biodiversidad, cultura, fauna, turismo y\u00a0 patrimonio hist\u00f3rico. Tambi\u00e9n contar\u00e1 con la presencia de la Reina del carnaval capitalino y\u00a0se expondr\u00e1n las pel\u00edculas paname\u00f1as, \u00abHistorias del Canal\u00bb y &ldquo;Panam\u00e1&rdquo;. <\/p>\n<p>Como parte de las actividades se efectuar\u00e1n conversatorios con la Dra.\u00a0Angeles\u00a0Ramos Baquero, del Museo del Canal Interoce\u00e1nico; Antonella Finis, del Ministerio de Ambiente; el coproductor Didier Falk de la pel\u00edcula El Brujo; y\u00a0el Chef Isaac Villaverde. <\/p>\n<p>Esta plataforma \u00fanica de proyecci\u00f3n internacional expuesta en el Sal\u00f3n Mir\u00f3, durante 2 semanas (del 8 al 19 de octubre), se ha logrado en conjunto con \u00a0la\u00a0 Autoridad de Turismo de Panam\u00e1, Autoridad del Canal de Panam\u00e1, el Conjunto Monumental Patronato Panam\u00e1 Viejo, el Instituto Nacional de Cultura, la Alcald\u00eda de Panam\u00e1, el Ministerio de Ambiente, Ministerio de Comercio e Industrias, Ministerio de Educaci\u00f3n, Museo del Canal Interoce\u00e1nico y el Instituto de Investigaciones Tropicales Smithsonian.\u00a0 <\/p>\n","protected":false},"excerpt":{"rendered":"<p>En la exposici\u00f3n \u00a0&ldquo;Panam\u00e1: Conectando Culturas para el Desarrollo Sostenible&rdquo;, <a href=\"https:\/\/sertv.gob.pa\/nacionalfm\/panama-expone-en-la-unesco-sus-aportes-como-puente-entre-culturas\/\"> [&#8230;]<\/a><\/p>\n","protected":false},"author":1,"featured_media":31137,"comment_status":"closed","ping_status":"closed","sticky":false,"template":"","format":"standard","meta":{"footnotes":""},"categories":[2],"tags":[],"class_list":["post-31136","post","type-post","status-publish","format-standard","has-post-thumbnail","hentry","category-nacionales"],"_links":{"self":[{"href":"https:\/\/sertv.gob.pa\/nacionalfm\/wp-json\/wp\/v2\/posts\/31136","targetHints":{"allow":["GET"]}}],"collection":[{"href":"https:\/\/sertv.gob.pa\/nacionalfm\/wp-json\/wp\/v2\/posts"}],"about":[{"href":"https:\/\/sertv.gob.pa\/nacionalfm\/wp-json\/wp\/v2\/types\/post"}],"author":[{"embeddable":true,"href":"https:\/\/sertv.gob.pa\/nacionalfm\/wp-json\/wp\/v2\/users\/1"}],"replies":[{"embeddable":true,"href":"https:\/\/sertv.gob.pa\/nacionalfm\/wp-json\/wp\/v2\/comments?post=31136"}],"version-history":[{"count":0,"href":"https:\/\/sertv.gob.pa\/nacionalfm\/wp-json\/wp\/v2\/posts\/31136\/revisions"}],"wp:featuredmedia":[{"embeddable":true,"href":"https:\/\/sertv.gob.pa\/nacionalfm\/wp-json\/wp\/v2\/media\/31137"}],"wp:attachment":[{"href":"https:\/\/sertv.gob.pa\/nacionalfm\/wp-json\/wp\/v2\/media?parent=31136"}],"wp:term":[{"taxonomy":"category","embeddable":true,"href":"https:\/\/sertv.gob.pa\/nacionalfm\/wp-json\/wp\/v2\/categories?post=31136"},{"taxonomy":"post_tag","embeddable":true,"href":"https:\/\/sertv.gob.pa\/nacionalfm\/wp-json\/wp\/v2\/tags?post=31136"}],"curies":[{"name":"wp","href":"https:\/\/api.w.org\/{rel}","templated":true}]}}